{"id":48114,"date":"2012-08-10T00:00:00","date_gmt":"2012-08-09T22:00:00","guid":{"rendered":"https:\/\/at3w.com\/blog\/au-cours-de-la-saison-dorages-les-pertes-a-cause-des-decharges-electriques-augmentent\/"},"modified":"2012-08-10T00:00:00","modified_gmt":"2012-08-09T22:00:00","slug":"au-cours-de-la-saison-dorages-les-pertes-a-cause-des-decharges-electriques-augmentent","status":"publish","type":"post","link":"https:\/\/at3w.com\/fr\/blog\/au-cours-de-la-saison-dorages-les-pertes-a-cause-des-decharges-electriques-augmentent\/","title":{"rendered":"Au cours de la saison d\u2019orages, les pertes \u00e0 cause des d\u00e9charges \u00e9lectriques augmentent"},"content":{"rendered":"<p><strong>51 personnes sont bless&eacute;es lors d&rsquo;un concert en Allemagne. Disposer de mesures de protection pr&eacute;ventive contre la foudre minimise les accidents provoqu&eacute;s par la foudre.<\/strong><\/p>\n<p>Au moins 51 personnes ont &eacute;t&eacute; bless&eacute;es, frapp&eacute;es par la foudre alors qu&rsquo;elles assistaient &agrave; un festival de heavy metal dans l&rsquo;Est de l&rsquo;Allemagne. D&rsquo;apr&egrave;s l&rsquo;information de l&rsquo;agence DPA,&nbsp; 9 des 51 personnes atteintes ont &eacute;t&eacute; gravement bless&eacute;es. Les orages avec d&eacute;charges &eacute;lectriques qui sont tomb&eacute;s ces jours-ci sur l&rsquo;Allemagne ont provoqu&eacute; une autre trag&eacute;die&nbsp;: la foudre a tu&eacute; 3 femmes qui jouaient au golf &agrave; Kassel, au centre du pays.<\/p>\n<p>En plus des mesures pertinentes de protection interne et externe contre la foudre, le fait de disposer des informations concernant les orages avec d&eacute;charges &eacute;lectriques est fondamental pour les travaux et les sites sensibles aux perturbations atmosph&eacute;riques. Les d&eacute;tecteurs d&rsquo;orages son particuli&egrave;rement utiles pour les responsables qui doivent prendre des d&eacute;cisions (administration de l&rsquo;&Eacute;tat, r&eacute;gionale ou locale, entreprises publiques ou priv&eacute;es) qui impliquent des personnes dans des espaces ouverts&nbsp;: chantiers, sports ou activit&eacute;s &agrave; l&rsquo;air libre, comp&eacute;titions, &eacute;v&eacute;nements de grands rassemblements, activit&eacute;s agricoles, d&rsquo;&eacute;levage et de p&ecirc;che, etc.<\/p>\n<p>Si vous souhaitez en savoir plus sur notre d&eacute;tecteur d&rsquo;orages: <a href=\"http:\/\/at3w.com\/site\/producto.php?id=5&amp;id_sub=511&amp;titulo=detectores+de+tormentas&amp;idioma=3\"><span><strong>ATSTORM&reg;v2<\/strong>.<\/span><\/a><\/p>\n","protected":false},"excerpt":{"rendered":"<p><strong>51 personnes sont bless&eacute;es lors d&rsquo;un concert en Allemagne. Disposer de mesures de protection pr&eacute;ventive contre la foudre minimise les accidents provoqu&eacute;s par la foudre.<\/strong><\/p>\n","protected":false},"author":11,"featured_media":48115,"comment_status":"closed","ping_status":"closed","sticky":false,"template":"","format":"standard","meta":{"inline_featured_image":false,"footnotes":""},"categories":[5570,5550],"tags":[],"class_list":["post-48114","post","type-post","status-publish","format-standard","has-post-thumbnail","hentry","category-paratonnerres","category-smart-lightning-fr"],"yoast_head":"<!-- This site is optimized with the Yoast SEO Premium plugin v27.0 (Yoast SEO v27.0) - https:\/\/yoast.com\/product\/yoast-seo-premium-wordpress\/ -->\n<title>Au cours de la saison d\u2019orages, les pertes \u00e0 cause des d\u00e9charges \u00e9lectriques augmentent<\/title>\n<meta name=\"description\" content=\"51 personnes sont bless&eacute;es lors d&rsquo;un concert en Allemagne. Disposer de mesures de protection pr&eacute;ventive contre la foudre minimise les accidents provoqu&eacute;s par la foudre.\" \/>\n<meta name=\"robots\" content=\"index, follow, max-snippet:-1, max-image-preview:large, max-video-preview:-1\" \/>\n<link rel=\"canonical\" href=\"https:\/\/at3w.com\/fr\/blog\/au-cours-de-la-saison-dorages-les-pertes-a-cause-des-decharges-electriques-augmentent\/\" \/>\n<meta property=\"og:locale\" content=\"fr_FR\" \/>\n<meta property=\"og:type\" content=\"article\" \/>\n<meta property=\"og:title\" content=\"Au cours de la saison d\u2019orages, les pertes \u00e0 cause des d\u00e9charges \u00e9lectriques augmentent\" \/>\n<meta property=\"og:description\" content=\"51 personnes sont bless&eacute;es lors d&rsquo;un concert en Allemagne. Disposer de mesures de protection pr&eacute;ventive contre la foudre minimise les accidents provoqu&eacute;s par la foudre.\" \/>\n<meta property=\"og:url\" content=\"https:\/\/at3w.com\/fr\/blog\/au-cours-de-la-saison-dorages-les-pertes-a-cause-des-decharges-electriques-augmentent\/\" \/>\n<meta property=\"og:site_name\" content=\"Aplicaciones Tecnol\u00f3gicas\" \/>\n<meta property=\"article:publisher\" content=\"https:\/\/www.facebook.com\/APLICACIONES.TECNOLOGICAS\/\" \/>\n<meta property=\"article:published_time\" content=\"2012-08-09T22:00:00+00:00\" \/>\n<meta property=\"og:image\" content=\"https:\/\/at3w.com\/wp-content\/uploads\/lightning_in_germany-2.jpg\" \/>\n\t<meta property=\"og:image:width\" content=\"260\" \/>\n\t<meta property=\"og:image:height\" content=\"190\" \/>\n\t<meta property=\"og:image:type\" content=\"image\/jpeg\" \/>\n<meta name=\"author\" content=\"I\u00f1aki Fern\u00e1ndez\" \/>\n<meta name=\"twitter:card\" content=\"summary_large_image\" \/>\n<meta name=\"twitter:label1\" content=\"\u00c9crit par\" \/>\n\t<meta name=\"twitter:data1\" content=\"I\u00f1aki Fern\u00e1ndez\" \/>\n\t<meta name=\"twitter:label2\" content=\"Dur\u00e9e de lecture estim\u00e9e\" \/>\n\t<meta name=\"twitter:data2\" content=\"1 minute\" \/>\n<script type=\"application\/ld+json\" class=\"yoast-schema-graph\">{\"@context\":\"https:\/\/schema.org\",\"@graph\":[{\"@type\":\"Article\",\"@id\":\"https:\/\/at3w.com\/fr\/blog\/au-cours-de-la-saison-dorages-les-pertes-a-cause-des-decharges-electriques-augmentent\/#article\",\"isPartOf\":{\"@id\":\"https:\/\/at3w.com\/fr\/blog\/au-cours-de-la-saison-dorages-les-pertes-a-cause-des-decharges-electriques-augmentent\/\"},\"author\":{\"name\":\"I\u00f1aki Fern\u00e1ndez\",\"@id\":\"https:\/\/at3w.com\/fr\/#\/schema\/person\/6be7c94c178b1848a14e3573ad187f21\"},\"headline\":\"Au cours de la saison d\u2019orages, les pertes \u00e0 cause des d\u00e9charges \u00e9lectriques augmentent\",\"datePublished\":\"2012-08-09T22:00:00+00:00\",\"mainEntityOfPage\":{\"@id\":\"https:\/\/at3w.com\/fr\/blog\/au-cours-de-la-saison-dorages-les-pertes-a-cause-des-decharges-electriques-augmentent\/\"},\"wordCount\":293,\"publisher\":{\"@id\":\"https:\/\/at3w.com\/fr\/#organization\"},\"image\":{\"@id\":\"https:\/\/at3w.com\/fr\/blog\/au-cours-de-la-saison-dorages-les-pertes-a-cause-des-decharges-electriques-augmentent\/#primaryimage\"},\"thumbnailUrl\":\"https:\/\/at3w.com\/wp-content\/uploads\/lightning_in_germany-2.jpg\",\"articleSection\":[\"Paratonnerres Smart \u00e0 dispositif d\u2019amor\u00e7age\",\"SMART LIGHTNING\"],\"inLanguage\":\"fr-FR\"},{\"@type\":\"WebPage\",\"@id\":\"https:\/\/at3w.com\/fr\/blog\/au-cours-de-la-saison-dorages-les-pertes-a-cause-des-decharges-electriques-augmentent\/\",\"url\":\"https:\/\/at3w.com\/fr\/blog\/au-cours-de-la-saison-dorages-les-pertes-a-cause-des-decharges-electriques-augmentent\/\",\"name\":\"Au cours de la saison d\u2019orages, les pertes \u00e0 cause des d\u00e9charges \u00e9lectriques augmentent\",\"isPartOf\":{\"@id\":\"https:\/\/at3w.com\/fr\/#website\"},\"primaryImageOfPage\":{\"@id\":\"https:\/\/at3w.com\/fr\/blog\/au-cours-de-la-saison-dorages-les-pertes-a-cause-des-decharges-electriques-augmentent\/#primaryimage\"},\"image\":{\"@id\":\"https:\/\/at3w.com\/fr\/blog\/au-cours-de-la-saison-dorages-les-pertes-a-cause-des-decharges-electriques-augmentent\/#primaryimage\"},\"thumbnailUrl\":\"https:\/\/at3w.com\/wp-content\/uploads\/lightning_in_germany-2.jpg\",\"datePublished\":\"2012-08-09T22:00:00+00:00\",\"description\":\"51 personnes sont bless&eacute;es lors d&rsquo;un concert en Allemagne. Disposer de mesures de protection pr&eacute;ventive contre la foudre minimise les accidents provoqu&eacute;s par la foudre.\",\"inLanguage\":\"fr-FR\",\"potentialAction\":[{\"@type\":\"ReadAction\",\"target\":[\"https:\/\/at3w.com\/fr\/blog\/au-cours-de-la-saison-dorages-les-pertes-a-cause-des-decharges-electriques-augmentent\/\"]}]},{\"@type\":\"ImageObject\",\"inLanguage\":\"fr-FR\",\"@id\":\"https:\/\/at3w.com\/fr\/blog\/au-cours-de-la-saison-dorages-les-pertes-a-cause-des-decharges-electriques-augmentent\/#primaryimage\",\"url\":\"https:\/\/at3w.com\/wp-content\/uploads\/lightning_in_germany-2.jpg\",\"contentUrl\":\"https:\/\/at3w.com\/wp-content\/uploads\/lightning_in_germany-2.jpg\",\"width\":260,\"height\":190},{\"@type\":\"WebSite\",\"@id\":\"https:\/\/at3w.com\/fr\/#website\",\"url\":\"https:\/\/at3w.com\/fr\/\",\"name\":\"Aplicaciones Tecnol\u00f3gicas\",\"description\":\"Smart Earthing Smart Lightning\",\"publisher\":{\"@id\":\"https:\/\/at3w.com\/fr\/#organization\"},\"potentialAction\":[{\"@type\":\"SearchAction\",\"target\":{\"@type\":\"EntryPoint\",\"urlTemplate\":\"https:\/\/at3w.com\/fr\/?s={search_term_string}\"},\"query-input\":{\"@type\":\"PropertyValueSpecification\",\"valueRequired\":true,\"valueName\":\"search_term_string\"}}],\"inLanguage\":\"fr-FR\"},{\"@type\":\"Organization\",\"@id\":\"https:\/\/at3w.com\/fr\/#organization\",\"name\":\"Aplicaciones Tecnol\u00f3gicas\",\"url\":\"https:\/\/at3w.com\/fr\/\",\"logo\":{\"@type\":\"ImageObject\",\"inLanguage\":\"fr-FR\",\"@id\":\"https:\/\/at3w.com\/fr\/#\/schema\/logo\/image\/\",\"url\":\"https:\/\/at3w.com\/wp-content\/uploads\/2019\/02\/LOGO-HOME-APLICACIONES-TECNOLOGICAS.svg\",\"contentUrl\":\"https:\/\/at3w.com\/wp-content\/uploads\/2019\/02\/LOGO-HOME-APLICACIONES-TECNOLOGICAS.svg\",\"width\":114,\"height\":104,\"caption\":\"Aplicaciones Tecnol\u00f3gicas\"},\"image\":{\"@id\":\"https:\/\/at3w.com\/fr\/#\/schema\/logo\/image\/\"},\"sameAs\":[\"https:\/\/www.facebook.com\/APLICACIONES.TECNOLOGICAS\/\",\"https:\/\/www.linkedin.com\/company\/aplicaciones-tecnologicas\/\"]},{\"@type\":\"Person\",\"@id\":\"https:\/\/at3w.com\/fr\/#\/schema\/person\/6be7c94c178b1848a14e3573ad187f21\",\"name\":\"I\u00f1aki Fern\u00e1ndez\",\"image\":{\"@type\":\"ImageObject\",\"inLanguage\":\"fr-FR\",\"@id\":\"https:\/\/at3w.com\/fr\/#\/schema\/person\/image\/\",\"url\":\"https:\/\/secure.gravatar.com\/avatar\/d7d93a125afe2c52583a19f93806f9302eca1ef6cfca882769cc289293498b93?s=96&d=mm&r=g\",\"contentUrl\":\"https:\/\/secure.gravatar.com\/avatar\/d7d93a125afe2c52583a19f93806f9302eca1ef6cfca882769cc289293498b93?s=96&d=mm&r=g\",\"caption\":\"I\u00f1aki Fern\u00e1ndez\"}}]}<\/script>\n<!-- \/ Yoast SEO Premium plugin. -->","yoast_head_json":{"title":"Au cours de la saison d\u2019orages, les pertes \u00e0 cause des d\u00e9charges \u00e9lectriques augmentent","description":"51 personnes sont bless&eacute;es lors d&rsquo;un concert en Allemagne. Disposer de mesures de protection pr&eacute;ventive contre la foudre minimise les accidents provoqu&eacute;s par la foudre.","robots":{"index":"index","follow":"follow","max-snippet":"max-snippet:-1","max-image-preview":"max-image-preview:large","max-video-preview":"max-video-preview:-1"},"canonical":"https:\/\/at3w.com\/fr\/blog\/au-cours-de-la-saison-dorages-les-pertes-a-cause-des-decharges-electriques-augmentent\/","og_locale":"fr_FR","og_type":"article","og_title":"Au cours de la saison d\u2019orages, les pertes \u00e0 cause des d\u00e9charges \u00e9lectriques augmentent","og_description":"51 personnes sont bless&eacute;es lors d&rsquo;un concert en Allemagne. Disposer de mesures de protection pr&eacute;ventive contre la foudre minimise les accidents provoqu&eacute;s par la foudre.","og_url":"https:\/\/at3w.com\/fr\/blog\/au-cours-de-la-saison-dorages-les-pertes-a-cause-des-decharges-electriques-augmentent\/","og_site_name":"Aplicaciones Tecnol\u00f3gicas","article_publisher":"https:\/\/www.facebook.com\/APLICACIONES.TECNOLOGICAS\/","article_published_time":"2012-08-09T22:00:00+00:00","og_image":[{"width":260,"height":190,"url":"https:\/\/at3w.com\/wp-content\/uploads\/lightning_in_germany-2.jpg","type":"image\/jpeg"}],"author":"I\u00f1aki Fern\u00e1ndez","twitter_card":"summary_large_image","twitter_misc":{"\u00c9crit par":"I\u00f1aki Fern\u00e1ndez","Dur\u00e9e de lecture estim\u00e9e":"1 minute"},"schema":{"@context":"https:\/\/schema.org","@graph":[{"@type":"Article","@id":"https:\/\/at3w.com\/fr\/blog\/au-cours-de-la-saison-dorages-les-pertes-a-cause-des-decharges-electriques-augmentent\/#article","isPartOf":{"@id":"https:\/\/at3w.com\/fr\/blog\/au-cours-de-la-saison-dorages-les-pertes-a-cause-des-decharges-electriques-augmentent\/"},"author":{"name":"I\u00f1aki Fern\u00e1ndez","@id":"https:\/\/at3w.com\/fr\/#\/schema\/person\/6be7c94c178b1848a14e3573ad187f21"},"headline":"Au cours de la saison d\u2019orages, les pertes \u00e0 cause des d\u00e9charges \u00e9lectriques augmentent","datePublished":"2012-08-09T22:00:00+00:00","mainEntityOfPage":{"@id":"https:\/\/at3w.com\/fr\/blog\/au-cours-de-la-saison-dorages-les-pertes-a-cause-des-decharges-electriques-augmentent\/"},"wordCount":293,"publisher":{"@id":"https:\/\/at3w.com\/fr\/#organization"},"image":{"@id":"https:\/\/at3w.com\/fr\/blog\/au-cours-de-la-saison-dorages-les-pertes-a-cause-des-decharges-electriques-augmentent\/#primaryimage"},"thumbnailUrl":"https:\/\/at3w.com\/wp-content\/uploads\/lightning_in_germany-2.jpg","articleSection":["Paratonnerres Smart \u00e0 dispositif d\u2019amor\u00e7age","SMART LIGHTNING"],"inLanguage":"fr-FR"},{"@type":"WebPage","@id":"https:\/\/at3w.com\/fr\/blog\/au-cours-de-la-saison-dorages-les-pertes-a-cause-des-decharges-electriques-augmentent\/","url":"https:\/\/at3w.com\/fr\/blog\/au-cours-de-la-saison-dorages-les-pertes-a-cause-des-decharges-electriques-augmentent\/","name":"Au cours de la saison d\u2019orages, les pertes \u00e0 cause des d\u00e9charges \u00e9lectriques augmentent","isPartOf":{"@id":"https:\/\/at3w.com\/fr\/#website"},"primaryImageOfPage":{"@id":"https:\/\/at3w.com\/fr\/blog\/au-cours-de-la-saison-dorages-les-pertes-a-cause-des-decharges-electriques-augmentent\/#primaryimage"},"image":{"@id":"https:\/\/at3w.com\/fr\/blog\/au-cours-de-la-saison-dorages-les-pertes-a-cause-des-decharges-electriques-augmentent\/#primaryimage"},"thumbnailUrl":"https:\/\/at3w.com\/wp-content\/uploads\/lightning_in_germany-2.jpg","datePublished":"2012-08-09T22:00:00+00:00","description":"51 personnes sont bless&eacute;es lors d&rsquo;un concert en Allemagne. Disposer de mesures de protection pr&eacute;ventive contre la foudre minimise les accidents provoqu&eacute;s par la foudre.","inLanguage":"fr-FR","potentialAction":[{"@type":"ReadAction","target":["https:\/\/at3w.com\/fr\/blog\/au-cours-de-la-saison-dorages-les-pertes-a-cause-des-decharges-electriques-augmentent\/"]}]},{"@type":"ImageObject","inLanguage":"fr-FR","@id":"https:\/\/at3w.com\/fr\/blog\/au-cours-de-la-saison-dorages-les-pertes-a-cause-des-decharges-electriques-augmentent\/#primaryimage","url":"https:\/\/at3w.com\/wp-content\/uploads\/lightning_in_germany-2.jpg","contentUrl":"https:\/\/at3w.com\/wp-content\/uploads\/lightning_in_germany-2.jpg","width":260,"height":190},{"@type":"WebSite","@id":"https:\/\/at3w.com\/fr\/#website","url":"https:\/\/at3w.com\/fr\/","name":"Aplicaciones Tecnol\u00f3gicas","description":"Smart Earthing Smart Lightning","publisher":{"@id":"https:\/\/at3w.com\/fr\/#organization"},"potentialAction":[{"@type":"SearchAction","target":{"@type":"EntryPoint","urlTemplate":"https:\/\/at3w.com\/fr\/?s={search_term_string}"},"query-input":{"@type":"PropertyValueSpecification","valueRequired":true,"valueName":"search_term_string"}}],"inLanguage":"fr-FR"},{"@type":"Organization","@id":"https:\/\/at3w.com\/fr\/#organization","name":"Aplicaciones Tecnol\u00f3gicas","url":"https:\/\/at3w.com\/fr\/","logo":{"@type":"ImageObject","inLanguage":"fr-FR","@id":"https:\/\/at3w.com\/fr\/#\/schema\/logo\/image\/","url":"https:\/\/at3w.com\/wp-content\/uploads\/2019\/02\/LOGO-HOME-APLICACIONES-TECNOLOGICAS.svg","contentUrl":"https:\/\/at3w.com\/wp-content\/uploads\/2019\/02\/LOGO-HOME-APLICACIONES-TECNOLOGICAS.svg","width":114,"height":104,"caption":"Aplicaciones Tecnol\u00f3gicas"},"image":{"@id":"https:\/\/at3w.com\/fr\/#\/schema\/logo\/image\/"},"sameAs":["https:\/\/www.facebook.com\/APLICACIONES.TECNOLOGICAS\/","https:\/\/www.linkedin.com\/company\/aplicaciones-tecnologicas\/"]},{"@type":"Person","@id":"https:\/\/at3w.com\/fr\/#\/schema\/person\/6be7c94c178b1848a14e3573ad187f21","name":"I\u00f1aki Fern\u00e1ndez","image":{"@type":"ImageObject","inLanguage":"fr-FR","@id":"https:\/\/at3w.com\/fr\/#\/schema\/person\/image\/","url":"https:\/\/secure.gravatar.com\/avatar\/d7d93a125afe2c52583a19f93806f9302eca1ef6cfca882769cc289293498b93?s=96&d=mm&r=g","contentUrl":"https:\/\/secure.gravatar.com\/avatar\/d7d93a125afe2c52583a19f93806f9302eca1ef6cfca882769cc289293498b93?s=96&d=mm&r=g","caption":"I\u00f1aki Fern\u00e1ndez"}}]}},"_links":{"self":[{"href":"https:\/\/at3w.com\/fr\/wp-json\/wp\/v2\/posts\/48114","targetHints":{"allow":["GET"]}}],"collection":[{"href":"https:\/\/at3w.com\/fr\/wp-json\/wp\/v2\/posts"}],"about":[{"href":"https:\/\/at3w.com\/fr\/wp-json\/wp\/v2\/types\/post"}],"author":[{"embeddable":true,"href":"https:\/\/at3w.com\/fr\/wp-json\/wp\/v2\/users\/11"}],"replies":[{"embeddable":true,"href":"https:\/\/at3w.com\/fr\/wp-json\/wp\/v2\/comments?post=48114"}],"version-history":[{"count":0,"href":"https:\/\/at3w.com\/fr\/wp-json\/wp\/v2\/posts\/48114\/revisions"}],"wp:featuredmedia":[{"embeddable":true,"href":"https:\/\/at3w.com\/fr\/wp-json\/wp\/v2\/media\/48115"}],"wp:attachment":[{"href":"https:\/\/at3w.com\/fr\/wp-json\/wp\/v2\/media?parent=48114"}],"wp:term":[{"taxonomy":"category","embeddable":true,"href":"https:\/\/at3w.com\/fr\/wp-json\/wp\/v2\/categories?post=48114"},{"taxonomy":"post_tag","embeddable":true,"href":"https:\/\/at3w.com\/fr\/wp-json\/wp\/v2\/tags?post=48114"}],"curies":[{"name":"wp","href":"https:\/\/api.w.org\/{rel}","templated":true}]}}