{"id":48856,"date":"2014-09-19T00:00:00","date_gmt":"2014-09-18T22:00:00","guid":{"rendered":"https:\/\/at3w.com\/blog\/deux-parcs-solaires-de-grandes-dimensions-au-portugal-sont-proteges-par-des-paratonnerres-dat-controler-plus-60\/"},"modified":"2014-09-19T00:00:00","modified_gmt":"2014-09-18T22:00:00","slug":"deux-parcs-solaires-de-grandes-dimensions-au-portugal-sont-proteges-par-des-paratonnerres-dat-controler-plus-60","status":"publish","type":"post","link":"https:\/\/at3w.com\/fr\/blog\/deux-parcs-solaires-de-grandes-dimensions-au-portugal-sont-proteges-par-des-paratonnerres-dat-controler-plus-60\/","title":{"rendered":"Deux parcs solaires de grandes dimensions au Portugal sont prot\u00e9g\u00e9s par des paratonnerres DAT CONTROLER PLUS\u00ae 60"},"content":{"rendered":"<p>Lors de la conception des emplacements des paratonnerres, l\u2019utilisation de structures existantes et la minimisation des ombres ont \u00e9t\u00e9 prises en compte<\/p>\n<p>Les Paratonnerres \u00e0 Dispositif d\u2019Amor\u00e7age sont les plus appropri\u00e9s pour prot\u00e9ger les zones ouvertes de grandes dimensions tels que les parcs solaires, car , comme ils sont install\u00e9s \u00e0 une hauteur de seulement quelques m\u00e8tres au-dessus de l\u2019objet \u00e0 prot\u00e9ger, ils arrivent \u00e0 obtenir un rayon de protection de dizaines de m\u00e8tres (jusqu\u2019\u00e0 un peu plus de 100m selon le niveau de protection).<\/p>\n<p>Actuellement au Portugal, deux parcs solaires sont prot\u00e9g\u00e9s par des paratonnerres DAT CONTROLER \u00aePLUS: Ferreira de Alentejo et Porterinhos. Les paratonnerres ont \u00e9t\u00e9 install\u00e9s sur les cabines d\u2019inverseurs, \u00a0sur les pyl\u00f4nes d\u2019\u00e9clairage et \u00e9galement dans les zones ne disposant d\u2019aucune autre structure, sur les m\u00e2ts autonomes de 10 m\u00e8tres, en prenant soin de minimiser,\u00a0 dans la mesure du possible,\u00a0 les ombres sur les panneaux solaires.<\/p>\n<p><a href=\"http:\/\/paratonnerres-at3w.fr\/upload\/pdf_producto\/AT-1515_F.PDF\"><strong>T\u00e9l\u00e9charger ici plus d&rsquo;informations sur le Paratonnerre \u00e0 Dispositif d\u2019Amor\u00e7age DAT CONTROLER\u00ae PLUS<\/strong><\/a><\/p>\n","protected":false},"excerpt":{"rendered":"<p>\n\tLors de la conception des emplacements des paratonnerres, l&rsquo;utilisation de structures existantes et la minimisation des ombres ont &eacute;t&eacute; prises en compte<\/p>\n","protected":false},"author":11,"featured_media":48857,"comment_status":"closed","ping_status":"closed","sticky":false,"template":"","format":"standard","meta":{"inline_featured_image":false,"footnotes":""},"categories":[5587,5570,5550],"tags":[5888],"class_list":["post-48856","post","type-post","status-publish","format-standard","has-post-thumbnail","hentry","category-entreprise","category-paratonnerres","category-smart-lightning-fr","tag-etudes-de-cas-energie"],"yoast_head":"<!-- This site is optimized with the Yoast SEO Premium plugin v27.0 (Yoast SEO v27.0) - https:\/\/yoast.com\/product\/yoast-seo-premium-wordpress\/ -->\n<title>Deux parcs solaires de grandes dimensions au Portugal sont prot\u00e9g\u00e9s par des paratonnerres DAT CONTROLER PLUS\u00ae 60<\/title>\n<meta name=\"description\" content=\"Lors de la conception des emplacements des paratonnerres, l\u2019utilisation de structures existantes et la minimisation des ombres ont \u00e9t\u00e9 prises en compte\" \/>\n<meta name=\"robots\" content=\"index, follow, max-snippet:-1, max-image-preview:large, max-video-preview:-1\" \/>\n<link rel=\"canonical\" href=\"https:\/\/at3w.com\/fr\/blog\/deux-parcs-solaires-de-grandes-dimensions-au-portugal-sont-proteges-par-des-paratonnerres-dat-controler-plus-60\/\" \/>\n<meta property=\"og:locale\" content=\"fr_FR\" \/>\n<meta property=\"og:type\" content=\"article\" \/>\n<meta property=\"og:title\" content=\"Deux parcs solaires de grandes dimensions au Portugal sont prot\u00e9g\u00e9s par des paratonnerres DAT CONTROLER PLUS\u00ae 60\" \/>\n<meta property=\"og:description\" content=\"Lors de la conception des emplacements des paratonnerres, l\u2019utilisation de structures existantes et la minimisation des ombres ont \u00e9t\u00e9 prises en compte\" \/>\n<meta property=\"og:url\" content=\"https:\/\/at3w.com\/fr\/blog\/deux-parcs-solaires-de-grandes-dimensions-au-portugal-sont-proteges-par-des-paratonnerres-dat-controler-plus-60\/\" \/>\n<meta property=\"og:site_name\" content=\"Aplicaciones Tecnol\u00f3gicas\" \/>\n<meta property=\"article:publisher\" content=\"https:\/\/www.facebook.com\/APLICACIONES.TECNOLOGICAS\/\" \/>\n<meta property=\"article:published_time\" content=\"2014-09-18T22:00:00+00:00\" \/>\n<meta property=\"og:image\" content=\"https:\/\/at3w.com\/wp-content\/uploads\/dat_web1.jpg\" \/>\n\t<meta property=\"og:image:width\" content=\"150\" \/>\n\t<meta property=\"og:image:height\" content=\"290\" \/>\n\t<meta property=\"og:image:type\" content=\"image\/jpeg\" \/>\n<meta name=\"author\" content=\"I\u00f1aki Fern\u00e1ndez\" \/>\n<meta name=\"twitter:card\" content=\"summary_large_image\" \/>\n<meta name=\"twitter:label1\" content=\"\u00c9crit par\" \/>\n\t<meta name=\"twitter:data1\" content=\"I\u00f1aki Fern\u00e1ndez\" \/>\n\t<meta name=\"twitter:label2\" content=\"Dur\u00e9e de lecture estim\u00e9e\" \/>\n\t<meta name=\"twitter:data2\" content=\"1 minute\" \/>\n<script type=\"application\/ld+json\" class=\"yoast-schema-graph\">{\"@context\":\"https:\/\/schema.org\",\"@graph\":[{\"@type\":\"Article\",\"@id\":\"https:\/\/at3w.com\/fr\/blog\/deux-parcs-solaires-de-grandes-dimensions-au-portugal-sont-proteges-par-des-paratonnerres-dat-controler-plus-60\/#article\",\"isPartOf\":{\"@id\":\"https:\/\/at3w.com\/fr\/blog\/deux-parcs-solaires-de-grandes-dimensions-au-portugal-sont-proteges-par-des-paratonnerres-dat-controler-plus-60\/\"},\"author\":{\"name\":\"I\u00f1aki Fern\u00e1ndez\",\"@id\":\"https:\/\/at3w.com\/fr\/#\/schema\/person\/6be7c94c178b1848a14e3573ad187f21\"},\"headline\":\"Deux parcs solaires de grandes dimensions au Portugal sont prot\u00e9g\u00e9s par des paratonnerres DAT CONTROLER PLUS\u00ae 60\",\"datePublished\":\"2014-09-18T22:00:00+00:00\",\"mainEntityOfPage\":{\"@id\":\"https:\/\/at3w.com\/fr\/blog\/deux-parcs-solaires-de-grandes-dimensions-au-portugal-sont-proteges-par-des-paratonnerres-dat-controler-plus-60\/\"},\"wordCount\":197,\"publisher\":{\"@id\":\"https:\/\/at3w.com\/fr\/#organization\"},\"image\":{\"@id\":\"https:\/\/at3w.com\/fr\/blog\/deux-parcs-solaires-de-grandes-dimensions-au-portugal-sont-proteges-par-des-paratonnerres-dat-controler-plus-60\/#primaryimage\"},\"thumbnailUrl\":\"https:\/\/at3w.com\/wp-content\/uploads\/dat_web1.jpg\",\"keywords\":[\"\u00c9tudes de Cas \u00c9nergie\"],\"articleSection\":[\"Entreprise\",\"Paratonnerres Smart \u00e0 dispositif d\u2019amor\u00e7age\",\"SMART LIGHTNING\"],\"inLanguage\":\"fr-FR\"},{\"@type\":\"WebPage\",\"@id\":\"https:\/\/at3w.com\/fr\/blog\/deux-parcs-solaires-de-grandes-dimensions-au-portugal-sont-proteges-par-des-paratonnerres-dat-controler-plus-60\/\",\"url\":\"https:\/\/at3w.com\/fr\/blog\/deux-parcs-solaires-de-grandes-dimensions-au-portugal-sont-proteges-par-des-paratonnerres-dat-controler-plus-60\/\",\"name\":\"Deux parcs solaires de grandes dimensions au Portugal sont prot\u00e9g\u00e9s par des paratonnerres DAT CONTROLER PLUS\u00ae 60\",\"isPartOf\":{\"@id\":\"https:\/\/at3w.com\/fr\/#website\"},\"primaryImageOfPage\":{\"@id\":\"https:\/\/at3w.com\/fr\/blog\/deux-parcs-solaires-de-grandes-dimensions-au-portugal-sont-proteges-par-des-paratonnerres-dat-controler-plus-60\/#primaryimage\"},\"image\":{\"@id\":\"https:\/\/at3w.com\/fr\/blog\/deux-parcs-solaires-de-grandes-dimensions-au-portugal-sont-proteges-par-des-paratonnerres-dat-controler-plus-60\/#primaryimage\"},\"thumbnailUrl\":\"https:\/\/at3w.com\/wp-content\/uploads\/dat_web1.jpg\",\"datePublished\":\"2014-09-18T22:00:00+00:00\",\"description\":\"Lors de la conception des emplacements des paratonnerres, l\u2019utilisation de structures existantes et la minimisation des ombres ont \u00e9t\u00e9 prises en compte\",\"inLanguage\":\"fr-FR\",\"potentialAction\":[{\"@type\":\"ReadAction\",\"target\":[\"https:\/\/at3w.com\/fr\/blog\/deux-parcs-solaires-de-grandes-dimensions-au-portugal-sont-proteges-par-des-paratonnerres-dat-controler-plus-60\/\"]}]},{\"@type\":\"ImageObject\",\"inLanguage\":\"fr-FR\",\"@id\":\"https:\/\/at3w.com\/fr\/blog\/deux-parcs-solaires-de-grandes-dimensions-au-portugal-sont-proteges-par-des-paratonnerres-dat-controler-plus-60\/#primaryimage\",\"url\":\"https:\/\/at3w.com\/wp-content\/uploads\/dat_web1.jpg\",\"contentUrl\":\"https:\/\/at3w.com\/wp-content\/uploads\/dat_web1.jpg\",\"width\":150,\"height\":290},{\"@type\":\"WebSite\",\"@id\":\"https:\/\/at3w.com\/fr\/#website\",\"url\":\"https:\/\/at3w.com\/fr\/\",\"name\":\"Aplicaciones Tecnol\u00f3gicas\",\"description\":\"Smart Earthing Smart Lightning\",\"publisher\":{\"@id\":\"https:\/\/at3w.com\/fr\/#organization\"},\"potentialAction\":[{\"@type\":\"SearchAction\",\"target\":{\"@type\":\"EntryPoint\",\"urlTemplate\":\"https:\/\/at3w.com\/fr\/?s={search_term_string}\"},\"query-input\":{\"@type\":\"PropertyValueSpecification\",\"valueRequired\":true,\"valueName\":\"search_term_string\"}}],\"inLanguage\":\"fr-FR\"},{\"@type\":\"Organization\",\"@id\":\"https:\/\/at3w.com\/fr\/#organization\",\"name\":\"Aplicaciones Tecnol\u00f3gicas\",\"url\":\"https:\/\/at3w.com\/fr\/\",\"logo\":{\"@type\":\"ImageObject\",\"inLanguage\":\"fr-FR\",\"@id\":\"https:\/\/at3w.com\/fr\/#\/schema\/logo\/image\/\",\"url\":\"https:\/\/at3w.com\/wp-content\/uploads\/2019\/02\/LOGO-HOME-APLICACIONES-TECNOLOGICAS.svg\",\"contentUrl\":\"https:\/\/at3w.com\/wp-content\/uploads\/2019\/02\/LOGO-HOME-APLICACIONES-TECNOLOGICAS.svg\",\"width\":114,\"height\":104,\"caption\":\"Aplicaciones Tecnol\u00f3gicas\"},\"image\":{\"@id\":\"https:\/\/at3w.com\/fr\/#\/schema\/logo\/image\/\"},\"sameAs\":[\"https:\/\/www.facebook.com\/APLICACIONES.TECNOLOGICAS\/\",\"https:\/\/www.linkedin.com\/company\/aplicaciones-tecnologicas\/\"]},{\"@type\":\"Person\",\"@id\":\"https:\/\/at3w.com\/fr\/#\/schema\/person\/6be7c94c178b1848a14e3573ad187f21\",\"name\":\"I\u00f1aki Fern\u00e1ndez\",\"image\":{\"@type\":\"ImageObject\",\"inLanguage\":\"fr-FR\",\"@id\":\"https:\/\/at3w.com\/fr\/#\/schema\/person\/image\/\",\"url\":\"https:\/\/secure.gravatar.com\/avatar\/d7d93a125afe2c52583a19f93806f9302eca1ef6cfca882769cc289293498b93?s=96&d=mm&r=g\",\"contentUrl\":\"https:\/\/secure.gravatar.com\/avatar\/d7d93a125afe2c52583a19f93806f9302eca1ef6cfca882769cc289293498b93?s=96&d=mm&r=g\",\"caption\":\"I\u00f1aki Fern\u00e1ndez\"}}]}<\/script>\n<!-- \/ Yoast SEO Premium plugin. -->","yoast_head_json":{"title":"Deux parcs solaires de grandes dimensions au Portugal sont prot\u00e9g\u00e9s par des paratonnerres DAT CONTROLER PLUS\u00ae 60","description":"Lors de la conception des emplacements des paratonnerres, l\u2019utilisation de structures existantes et la minimisation des ombres ont \u00e9t\u00e9 prises en compte","robots":{"index":"index","follow":"follow","max-snippet":"max-snippet:-1","max-image-preview":"max-image-preview:large","max-video-preview":"max-video-preview:-1"},"canonical":"https:\/\/at3w.com\/fr\/blog\/deux-parcs-solaires-de-grandes-dimensions-au-portugal-sont-proteges-par-des-paratonnerres-dat-controler-plus-60\/","og_locale":"fr_FR","og_type":"article","og_title":"Deux parcs solaires de grandes dimensions au Portugal sont prot\u00e9g\u00e9s par des paratonnerres DAT CONTROLER PLUS\u00ae 60","og_description":"Lors de la conception des emplacements des paratonnerres, l\u2019utilisation de structures existantes et la minimisation des ombres ont \u00e9t\u00e9 prises en compte","og_url":"https:\/\/at3w.com\/fr\/blog\/deux-parcs-solaires-de-grandes-dimensions-au-portugal-sont-proteges-par-des-paratonnerres-dat-controler-plus-60\/","og_site_name":"Aplicaciones Tecnol\u00f3gicas","article_publisher":"https:\/\/www.facebook.com\/APLICACIONES.TECNOLOGICAS\/","article_published_time":"2014-09-18T22:00:00+00:00","og_image":[{"width":150,"height":290,"url":"https:\/\/at3w.com\/wp-content\/uploads\/dat_web1.jpg","type":"image\/jpeg"}],"author":"I\u00f1aki Fern\u00e1ndez","twitter_card":"summary_large_image","twitter_misc":{"\u00c9crit par":"I\u00f1aki Fern\u00e1ndez","Dur\u00e9e de lecture estim\u00e9e":"1 minute"},"schema":{"@context":"https:\/\/schema.org","@graph":[{"@type":"Article","@id":"https:\/\/at3w.com\/fr\/blog\/deux-parcs-solaires-de-grandes-dimensions-au-portugal-sont-proteges-par-des-paratonnerres-dat-controler-plus-60\/#article","isPartOf":{"@id":"https:\/\/at3w.com\/fr\/blog\/deux-parcs-solaires-de-grandes-dimensions-au-portugal-sont-proteges-par-des-paratonnerres-dat-controler-plus-60\/"},"author":{"name":"I\u00f1aki Fern\u00e1ndez","@id":"https:\/\/at3w.com\/fr\/#\/schema\/person\/6be7c94c178b1848a14e3573ad187f21"},"headline":"Deux parcs solaires de grandes dimensions au Portugal sont prot\u00e9g\u00e9s par des paratonnerres DAT CONTROLER PLUS\u00ae 60","datePublished":"2014-09-18T22:00:00+00:00","mainEntityOfPage":{"@id":"https:\/\/at3w.com\/fr\/blog\/deux-parcs-solaires-de-grandes-dimensions-au-portugal-sont-proteges-par-des-paratonnerres-dat-controler-plus-60\/"},"wordCount":197,"publisher":{"@id":"https:\/\/at3w.com\/fr\/#organization"},"image":{"@id":"https:\/\/at3w.com\/fr\/blog\/deux-parcs-solaires-de-grandes-dimensions-au-portugal-sont-proteges-par-des-paratonnerres-dat-controler-plus-60\/#primaryimage"},"thumbnailUrl":"https:\/\/at3w.com\/wp-content\/uploads\/dat_web1.jpg","keywords":["\u00c9tudes de Cas \u00c9nergie"],"articleSection":["Entreprise","Paratonnerres Smart \u00e0 dispositif d\u2019amor\u00e7age","SMART LIGHTNING"],"inLanguage":"fr-FR"},{"@type":"WebPage","@id":"https:\/\/at3w.com\/fr\/blog\/deux-parcs-solaires-de-grandes-dimensions-au-portugal-sont-proteges-par-des-paratonnerres-dat-controler-plus-60\/","url":"https:\/\/at3w.com\/fr\/blog\/deux-parcs-solaires-de-grandes-dimensions-au-portugal-sont-proteges-par-des-paratonnerres-dat-controler-plus-60\/","name":"Deux parcs solaires de grandes dimensions au Portugal sont prot\u00e9g\u00e9s par des paratonnerres DAT CONTROLER PLUS\u00ae 60","isPartOf":{"@id":"https:\/\/at3w.com\/fr\/#website"},"primaryImageOfPage":{"@id":"https:\/\/at3w.com\/fr\/blog\/deux-parcs-solaires-de-grandes-dimensions-au-portugal-sont-proteges-par-des-paratonnerres-dat-controler-plus-60\/#primaryimage"},"image":{"@id":"https:\/\/at3w.com\/fr\/blog\/deux-parcs-solaires-de-grandes-dimensions-au-portugal-sont-proteges-par-des-paratonnerres-dat-controler-plus-60\/#primaryimage"},"thumbnailUrl":"https:\/\/at3w.com\/wp-content\/uploads\/dat_web1.jpg","datePublished":"2014-09-18T22:00:00+00:00","description":"Lors de la conception des emplacements des paratonnerres, l\u2019utilisation de structures existantes et la minimisation des ombres ont \u00e9t\u00e9 prises en compte","inLanguage":"fr-FR","potentialAction":[{"@type":"ReadAction","target":["https:\/\/at3w.com\/fr\/blog\/deux-parcs-solaires-de-grandes-dimensions-au-portugal-sont-proteges-par-des-paratonnerres-dat-controler-plus-60\/"]}]},{"@type":"ImageObject","inLanguage":"fr-FR","@id":"https:\/\/at3w.com\/fr\/blog\/deux-parcs-solaires-de-grandes-dimensions-au-portugal-sont-proteges-par-des-paratonnerres-dat-controler-plus-60\/#primaryimage","url":"https:\/\/at3w.com\/wp-content\/uploads\/dat_web1.jpg","contentUrl":"https:\/\/at3w.com\/wp-content\/uploads\/dat_web1.jpg","width":150,"height":290},{"@type":"WebSite","@id":"https:\/\/at3w.com\/fr\/#website","url":"https:\/\/at3w.com\/fr\/","name":"Aplicaciones Tecnol\u00f3gicas","description":"Smart Earthing Smart Lightning","publisher":{"@id":"https:\/\/at3w.com\/fr\/#organization"},"potentialAction":[{"@type":"SearchAction","target":{"@type":"EntryPoint","urlTemplate":"https:\/\/at3w.com\/fr\/?s={search_term_string}"},"query-input":{"@type":"PropertyValueSpecification","valueRequired":true,"valueName":"search_term_string"}}],"inLanguage":"fr-FR"},{"@type":"Organization","@id":"https:\/\/at3w.com\/fr\/#organization","name":"Aplicaciones Tecnol\u00f3gicas","url":"https:\/\/at3w.com\/fr\/","logo":{"@type":"ImageObject","inLanguage":"fr-FR","@id":"https:\/\/at3w.com\/fr\/#\/schema\/logo\/image\/","url":"https:\/\/at3w.com\/wp-content\/uploads\/2019\/02\/LOGO-HOME-APLICACIONES-TECNOLOGICAS.svg","contentUrl":"https:\/\/at3w.com\/wp-content\/uploads\/2019\/02\/LOGO-HOME-APLICACIONES-TECNOLOGICAS.svg","width":114,"height":104,"caption":"Aplicaciones Tecnol\u00f3gicas"},"image":{"@id":"https:\/\/at3w.com\/fr\/#\/schema\/logo\/image\/"},"sameAs":["https:\/\/www.facebook.com\/APLICACIONES.TECNOLOGICAS\/","https:\/\/www.linkedin.com\/company\/aplicaciones-tecnologicas\/"]},{"@type":"Person","@id":"https:\/\/at3w.com\/fr\/#\/schema\/person\/6be7c94c178b1848a14e3573ad187f21","name":"I\u00f1aki Fern\u00e1ndez","image":{"@type":"ImageObject","inLanguage":"fr-FR","@id":"https:\/\/at3w.com\/fr\/#\/schema\/person\/image\/","url":"https:\/\/secure.gravatar.com\/avatar\/d7d93a125afe2c52583a19f93806f9302eca1ef6cfca882769cc289293498b93?s=96&d=mm&r=g","contentUrl":"https:\/\/secure.gravatar.com\/avatar\/d7d93a125afe2c52583a19f93806f9302eca1ef6cfca882769cc289293498b93?s=96&d=mm&r=g","caption":"I\u00f1aki Fern\u00e1ndez"}}]}},"_links":{"self":[{"href":"https:\/\/at3w.com\/fr\/wp-json\/wp\/v2\/posts\/48856","targetHints":{"allow":["GET"]}}],"collection":[{"href":"https:\/\/at3w.com\/fr\/wp-json\/wp\/v2\/posts"}],"about":[{"href":"https:\/\/at3w.com\/fr\/wp-json\/wp\/v2\/types\/post"}],"author":[{"embeddable":true,"href":"https:\/\/at3w.com\/fr\/wp-json\/wp\/v2\/users\/11"}],"replies":[{"embeddable":true,"href":"https:\/\/at3w.com\/fr\/wp-json\/wp\/v2\/comments?post=48856"}],"version-history":[{"count":0,"href":"https:\/\/at3w.com\/fr\/wp-json\/wp\/v2\/posts\/48856\/revisions"}],"wp:featuredmedia":[{"embeddable":true,"href":"https:\/\/at3w.com\/fr\/wp-json\/wp\/v2\/media\/48857"}],"wp:attachment":[{"href":"https:\/\/at3w.com\/fr\/wp-json\/wp\/v2\/media?parent=48856"}],"wp:term":[{"taxonomy":"category","embeddable":true,"href":"https:\/\/at3w.com\/fr\/wp-json\/wp\/v2\/categories?post=48856"},{"taxonomy":"post_tag","embeddable":true,"href":"https:\/\/at3w.com\/fr\/wp-json\/wp\/v2\/tags?post=48856"}],"curies":[{"name":"wp","href":"https:\/\/api.w.org\/{rel}","templated":true}]}}