{"id":49306,"date":"2016-09-20T00:00:00","date_gmt":"2016-09-19T22:00:00","guid":{"rendered":"https:\/\/at3w.com\/blog\/ampliacao-do-canal-de-panama-protegida-contra-o-raio-com-material-aplicaciones-tecnologicas-s-a\/"},"modified":"2016-09-20T00:00:00","modified_gmt":"2016-09-19T22:00:00","slug":"ampliacao-do-canal-de-panama-protegida-contra-o-raio-com-material-aplicaciones-tecnologicas-s-a","status":"publish","type":"post","link":"https:\/\/at3w.com\/pt-pt\/blog\/ampliacao-do-canal-de-panama-protegida-contra-o-raio-com-material-aplicaciones-tecnologicas-s-a\/","title":{"rendered":"Amplia\u00e7\u00e3o do Canal de Panam\u00e1, protegida contra o raio com material Aplicaciones Tecnol\u00f3gicas S.A."},"content":{"rendered":"<p>A imensa obra, de grande valor estrat\u00e9gico, est\u00e1 situada numa zona com alt\u00edssima densidade de descargas atmosf\u00e9ricas.<\/p>\n<p><a href=\"http:\/\/pararaios-at3w.pt\/produtos\/para-raios\/pontas-franklin-e-malhas-condutoras\/s2xat1xp1102\">Pontas Franklin<\/a>, <a href=\"http:\/\/pararaios-at3w.pt\/produtos\/para-raios\/fixacoes\/s2xat1xp1201\">suportes<\/a>, <a href=\"http:\/\/pararaios-at3w.pt\/produtos\/para-raios\/abracadeiras-de-cabo\/s2xat1xp1204\">abra\u00e7adeira<\/a>, <a href=\"http:\/\/pararaios-at3w.pt\/produtos\/para-raios\/ligadores\/s2xat1xp1207\">ligadores<\/a>, <a href=\"http:\/\/pararaios-at3w.pt\/produtos\/para-raios\/contador-de-raios\/s2xat1xp1209\">contadores<\/a>, <a href=\"http:\/\/pararaios-at3w.pt\/produtos\/para-raios\/outros-acessorios\/s2xat1xp1211\">tubos de prote\u00e7\u00e3o<\/a>, <a href=\"http:\/\/pararaios-at3w.pt\/produtos\/para-raios\/electrodos-de-terra-melhoradores-de-conductividade\/s2xat1xp1301\">caixas de visita<\/a>, <a href=\"http:\/\/pararaios-at3w.pt\/produtos\/proteccao-para-sobretensoes\/s2xat2\">protetores contra sobretens\u00f5es<\/a>, <a href=\"http:\/\/pararaios-at3w.pt\/produtos\/soldadura-exotermica-apliweld\/moldes-especificos-de-grafite\/s2xat4xp4103\">moldes de soldadura exot\u00e9rmica<\/a>\u2026uma ampla gama de produtos de prote\u00e7\u00e3o contra o raio de Aplicaciones Tecnol\u00f3gicas S.A. foram eleitos para proteger a nova amplia\u00e7\u00e3o do Canal do Panam\u00e1, a maior levada a cabo desde a sua constru\u00e7\u00e3o.<\/p>\n<p>A necessidade de prote\u00e7\u00e3o \u00e9 evidente, trata-se de uma zona de muito alta densidade de raios, sendo esta obra um servi\u00e7o imprescind\u00edvel de grande valor econ\u00f3mico e com equipamentos de controle sofisticados e sens\u00edveis.<\/p>\n<p>Este projeto teve ainda a dificuldade acrescida de se encontrar num ambiente altamente salino, com grande concentra\u00e7\u00e3o de cloretos, o que lhe confere graves problemas de corros\u00e3o. Teve-se, portanto, especial aten\u00e7\u00e3o \u00e0 qualidade dos materiais e utilizou-se, quando poss\u00edvel, a soldadura exot\u00e9rmica para realizar as conex\u00f5es entre condutores, j\u00e1 que oferece uma uni\u00e3o molecular de iguais ou melhores carater\u00edsticas que os condutores originais.<\/p>\n","protected":false},"excerpt":{"rendered":"<p>\n\tA imensa obra, de grande valor estrat&eacute;gico, est&aacute; situada numa zona com alt&iacute;ssima densidade de descargas atmosf&eacute;ricas.<\/p>\n","protected":false},"author":11,"featured_media":49307,"comment_status":"closed","ping_status":"closed","sticky":false,"template":"","format":"standard","meta":{"inline_featured_image":false,"footnotes":""},"categories":[5588,5571,5551],"tags":[5833],"class_list":["post-49306","post","type-post","status-publish","format-standard","has-post-thumbnail","hentry","category-corporativo-pt","category-pararaios","category-smart-lightning-pt","tag-casos-de-sucesso-transporte"],"yoast_head":"<!-- This site is optimized with the Yoast SEO Premium plugin v27.0 (Yoast SEO v27.0) - https:\/\/yoast.com\/product\/yoast-seo-premium-wordpress\/ -->\n<title>Amplia\u00e7\u00e3o do Canal de Panam\u00e1, protegida contra o raio com material Aplicaciones Tecnol\u00f3gicas S.A.<\/title>\n<meta name=\"description\" content=\"A imensa obra, de grande valor estrat\u00e9gico, est\u00e1 situada numa zona com alt\u00edssima densidade de descargas atmosf\u00e9ricas.\" \/>\n<meta name=\"robots\" content=\"index, follow, max-snippet:-1, max-image-preview:large, max-video-preview:-1\" \/>\n<link rel=\"canonical\" href=\"https:\/\/at3w.com\/pt-pt\/blog\/ampliacao-do-canal-de-panama-protegida-contra-o-raio-com-material-aplicaciones-tecnologicas-s-a\/\" \/>\n<meta property=\"og:locale\" content=\"pt_PT\" \/>\n<meta property=\"og:type\" content=\"article\" \/>\n<meta property=\"og:title\" content=\"Amplia\u00e7\u00e3o do Canal de Panam\u00e1, protegida contra o raio com material Aplicaciones Tecnol\u00f3gicas S.A.\" \/>\n<meta property=\"og:description\" content=\"A imensa obra, de grande valor estrat\u00e9gico, est\u00e1 situada numa zona com alt\u00edssima densidade de descargas atmosf\u00e9ricas.\" \/>\n<meta property=\"og:url\" content=\"https:\/\/at3w.com\/pt-pt\/blog\/ampliacao-do-canal-de-panama-protegida-contra-o-raio-com-material-aplicaciones-tecnologicas-s-a\/\" \/>\n<meta property=\"og:site_name\" content=\"Aplicaciones Tecnol\u00f3gicas\" \/>\n<meta property=\"article:publisher\" content=\"https:\/\/www.facebook.com\/APLICACIONES.TECNOLOGICAS\/\" \/>\n<meta property=\"article:published_time\" content=\"2016-09-19T22:00:00+00:00\" \/>\n<meta property=\"og:image\" content=\"https:\/\/at3w.com\/wp-content\/uploads\/canal-de-panamacc81-ampliado-cnn-4-3.jpg\" \/>\n\t<meta property=\"og:image:width\" content=\"1200\" \/>\n\t<meta property=\"og:image:height\" content=\"729\" \/>\n\t<meta property=\"og:image:type\" content=\"image\/jpeg\" \/>\n<meta name=\"author\" content=\"I\u00f1aki Fern\u00e1ndez\" \/>\n<meta name=\"twitter:card\" content=\"summary_large_image\" \/>\n<meta name=\"twitter:label1\" content=\"Escrito por\" \/>\n\t<meta name=\"twitter:data1\" content=\"I\u00f1aki Fern\u00e1ndez\" \/>\n\t<meta name=\"twitter:label2\" content=\"Tempo estimado de leitura\" \/>\n\t<meta name=\"twitter:data2\" content=\"1 minuto\" \/>\n<script type=\"application\/ld+json\" class=\"yoast-schema-graph\">{\"@context\":\"https:\/\/schema.org\",\"@graph\":[{\"@type\":\"Article\",\"@id\":\"https:\/\/at3w.com\/pt-pt\/blog\/ampliacao-do-canal-de-panama-protegida-contra-o-raio-com-material-aplicaciones-tecnologicas-s-a\/#article\",\"isPartOf\":{\"@id\":\"https:\/\/at3w.com\/pt-pt\/blog\/ampliacao-do-canal-de-panama-protegida-contra-o-raio-com-material-aplicaciones-tecnologicas-s-a\/\"},\"author\":{\"name\":\"I\u00f1aki Fern\u00e1ndez\",\"@id\":\"https:\/\/at3w.com\/pt-pt\/#\/schema\/person\/6be7c94c178b1848a14e3573ad187f21\"},\"headline\":\"Amplia\u00e7\u00e3o do Canal de Panam\u00e1, protegida contra o raio com material Aplicaciones Tecnol\u00f3gicas S.A.\",\"datePublished\":\"2016-09-19T22:00:00+00:00\",\"mainEntityOfPage\":{\"@id\":\"https:\/\/at3w.com\/pt-pt\/blog\/ampliacao-do-canal-de-panama-protegida-contra-o-raio-com-material-aplicaciones-tecnologicas-s-a\/\"},\"wordCount\":207,\"publisher\":{\"@id\":\"https:\/\/at3w.com\/pt-pt\/#organization\"},\"image\":{\"@id\":\"https:\/\/at3w.com\/pt-pt\/blog\/ampliacao-do-canal-de-panama-protegida-contra-o-raio-com-material-aplicaciones-tecnologicas-s-a\/#primaryimage\"},\"thumbnailUrl\":\"https:\/\/at3w.com\/wp-content\/uploads\/canal-de-panamacc81-ampliado-cnn-4-3.jpg\",\"keywords\":[\"Casos de sucesso Transporte\"],\"articleSection\":[\"Corporativo\",\"Para-raios Smart com dispositivo de ioniza\u00e7\u00e3o\",\"SMART LIGHTNING\"],\"inLanguage\":\"pt-PT\"},{\"@type\":\"WebPage\",\"@id\":\"https:\/\/at3w.com\/pt-pt\/blog\/ampliacao-do-canal-de-panama-protegida-contra-o-raio-com-material-aplicaciones-tecnologicas-s-a\/\",\"url\":\"https:\/\/at3w.com\/pt-pt\/blog\/ampliacao-do-canal-de-panama-protegida-contra-o-raio-com-material-aplicaciones-tecnologicas-s-a\/\",\"name\":\"Amplia\u00e7\u00e3o do Canal de Panam\u00e1, protegida contra o raio com material Aplicaciones Tecnol\u00f3gicas S.A.\",\"isPartOf\":{\"@id\":\"https:\/\/at3w.com\/pt-pt\/#website\"},\"primaryImageOfPage\":{\"@id\":\"https:\/\/at3w.com\/pt-pt\/blog\/ampliacao-do-canal-de-panama-protegida-contra-o-raio-com-material-aplicaciones-tecnologicas-s-a\/#primaryimage\"},\"image\":{\"@id\":\"https:\/\/at3w.com\/pt-pt\/blog\/ampliacao-do-canal-de-panama-protegida-contra-o-raio-com-material-aplicaciones-tecnologicas-s-a\/#primaryimage\"},\"thumbnailUrl\":\"https:\/\/at3w.com\/wp-content\/uploads\/canal-de-panamacc81-ampliado-cnn-4-3.jpg\",\"datePublished\":\"2016-09-19T22:00:00+00:00\",\"description\":\"A imensa obra, de grande valor estrat\u00e9gico, est\u00e1 situada numa zona com alt\u00edssima densidade de descargas atmosf\u00e9ricas.\",\"inLanguage\":\"pt-PT\",\"potentialAction\":[{\"@type\":\"ReadAction\",\"target\":[\"https:\/\/at3w.com\/pt-pt\/blog\/ampliacao-do-canal-de-panama-protegida-contra-o-raio-com-material-aplicaciones-tecnologicas-s-a\/\"]}]},{\"@type\":\"ImageObject\",\"inLanguage\":\"pt-PT\",\"@id\":\"https:\/\/at3w.com\/pt-pt\/blog\/ampliacao-do-canal-de-panama-protegida-contra-o-raio-com-material-aplicaciones-tecnologicas-s-a\/#primaryimage\",\"url\":\"https:\/\/at3w.com\/wp-content\/uploads\/canal-de-panamacc81-ampliado-cnn-4-3.jpg\",\"contentUrl\":\"https:\/\/at3w.com\/wp-content\/uploads\/canal-de-panamacc81-ampliado-cnn-4-3.jpg\",\"width\":1200,\"height\":729},{\"@type\":\"WebSite\",\"@id\":\"https:\/\/at3w.com\/pt-pt\/#website\",\"url\":\"https:\/\/at3w.com\/pt-pt\/\",\"name\":\"Aplicaciones Tecnol\u00f3gicas\",\"description\":\"Smart Earthing tomas de tierra o puesta a tierra, Smart Lightning protecci\u00f3n integral contra el rayo, pararrayos, radar de rayos o detecci\u00f3n de tormentas\",\"publisher\":{\"@id\":\"https:\/\/at3w.com\/pt-pt\/#organization\"},\"potentialAction\":[{\"@type\":\"SearchAction\",\"target\":{\"@type\":\"EntryPoint\",\"urlTemplate\":\"https:\/\/at3w.com\/pt-pt\/?s={search_term_string}\"},\"query-input\":{\"@type\":\"PropertyValueSpecification\",\"valueRequired\":true,\"valueName\":\"search_term_string\"}}],\"inLanguage\":\"pt-PT\"},{\"@type\":\"Organization\",\"@id\":\"https:\/\/at3w.com\/pt-pt\/#organization\",\"name\":\"Aplicaciones Tecnol\u00f3gicas\",\"url\":\"https:\/\/at3w.com\/pt-pt\/\",\"logo\":{\"@type\":\"ImageObject\",\"inLanguage\":\"pt-PT\",\"@id\":\"https:\/\/at3w.com\/pt-pt\/#\/schema\/logo\/image\/\",\"url\":\"https:\/\/at3w.com\/wp-content\/uploads\/2019\/02\/LOGO-HOME-APLICACIONES-TECNOLOGICAS.svg\",\"contentUrl\":\"https:\/\/at3w.com\/wp-content\/uploads\/2019\/02\/LOGO-HOME-APLICACIONES-TECNOLOGICAS.svg\",\"width\":114,\"height\":104,\"caption\":\"Aplicaciones Tecnol\u00f3gicas\"},\"image\":{\"@id\":\"https:\/\/at3w.com\/pt-pt\/#\/schema\/logo\/image\/\"},\"sameAs\":[\"https:\/\/www.facebook.com\/APLICACIONES.TECNOLOGICAS\/\",\"https:\/\/www.linkedin.com\/company\/aplicaciones-tecnologicas\/\"]},{\"@type\":\"Person\",\"@id\":\"https:\/\/at3w.com\/pt-pt\/#\/schema\/person\/6be7c94c178b1848a14e3573ad187f21\",\"name\":\"I\u00f1aki Fern\u00e1ndez\",\"image\":{\"@type\":\"ImageObject\",\"inLanguage\":\"pt-PT\",\"@id\":\"https:\/\/at3w.com\/pt-pt\/#\/schema\/person\/image\/\",\"url\":\"https:\/\/secure.gravatar.com\/avatar\/d7d93a125afe2c52583a19f93806f9302eca1ef6cfca882769cc289293498b93?s=96&d=mm&r=g\",\"contentUrl\":\"https:\/\/secure.gravatar.com\/avatar\/d7d93a125afe2c52583a19f93806f9302eca1ef6cfca882769cc289293498b93?s=96&d=mm&r=g\",\"caption\":\"I\u00f1aki Fern\u00e1ndez\"}}]}<\/script>\n<!-- \/ Yoast SEO Premium plugin. -->","yoast_head_json":{"title":"Amplia\u00e7\u00e3o do Canal de Panam\u00e1, protegida contra o raio com material Aplicaciones Tecnol\u00f3gicas S.A.","description":"A imensa obra, de grande valor estrat\u00e9gico, est\u00e1 situada numa zona com alt\u00edssima densidade de descargas atmosf\u00e9ricas.","robots":{"index":"index","follow":"follow","max-snippet":"max-snippet:-1","max-image-preview":"max-image-preview:large","max-video-preview":"max-video-preview:-1"},"canonical":"https:\/\/at3w.com\/pt-pt\/blog\/ampliacao-do-canal-de-panama-protegida-contra-o-raio-com-material-aplicaciones-tecnologicas-s-a\/","og_locale":"pt_PT","og_type":"article","og_title":"Amplia\u00e7\u00e3o do Canal de Panam\u00e1, protegida contra o raio com material Aplicaciones Tecnol\u00f3gicas S.A.","og_description":"A imensa obra, de grande valor estrat\u00e9gico, est\u00e1 situada numa zona com alt\u00edssima densidade de descargas atmosf\u00e9ricas.","og_url":"https:\/\/at3w.com\/pt-pt\/blog\/ampliacao-do-canal-de-panama-protegida-contra-o-raio-com-material-aplicaciones-tecnologicas-s-a\/","og_site_name":"Aplicaciones Tecnol\u00f3gicas","article_publisher":"https:\/\/www.facebook.com\/APLICACIONES.TECNOLOGICAS\/","article_published_time":"2016-09-19T22:00:00+00:00","og_image":[{"width":1200,"height":729,"url":"https:\/\/at3w.com\/wp-content\/uploads\/canal-de-panamacc81-ampliado-cnn-4-3.jpg","type":"image\/jpeg"}],"author":"I\u00f1aki Fern\u00e1ndez","twitter_card":"summary_large_image","twitter_misc":{"Escrito por":"I\u00f1aki Fern\u00e1ndez","Tempo estimado de leitura":"1 minuto"},"schema":{"@context":"https:\/\/schema.org","@graph":[{"@type":"Article","@id":"https:\/\/at3w.com\/pt-pt\/blog\/ampliacao-do-canal-de-panama-protegida-contra-o-raio-com-material-aplicaciones-tecnologicas-s-a\/#article","isPartOf":{"@id":"https:\/\/at3w.com\/pt-pt\/blog\/ampliacao-do-canal-de-panama-protegida-contra-o-raio-com-material-aplicaciones-tecnologicas-s-a\/"},"author":{"name":"I\u00f1aki Fern\u00e1ndez","@id":"https:\/\/at3w.com\/pt-pt\/#\/schema\/person\/6be7c94c178b1848a14e3573ad187f21"},"headline":"Amplia\u00e7\u00e3o do Canal de Panam\u00e1, protegida contra o raio com material Aplicaciones Tecnol\u00f3gicas S.A.","datePublished":"2016-09-19T22:00:00+00:00","mainEntityOfPage":{"@id":"https:\/\/at3w.com\/pt-pt\/blog\/ampliacao-do-canal-de-panama-protegida-contra-o-raio-com-material-aplicaciones-tecnologicas-s-a\/"},"wordCount":207,"publisher":{"@id":"https:\/\/at3w.com\/pt-pt\/#organization"},"image":{"@id":"https:\/\/at3w.com\/pt-pt\/blog\/ampliacao-do-canal-de-panama-protegida-contra-o-raio-com-material-aplicaciones-tecnologicas-s-a\/#primaryimage"},"thumbnailUrl":"https:\/\/at3w.com\/wp-content\/uploads\/canal-de-panamacc81-ampliado-cnn-4-3.jpg","keywords":["Casos de sucesso Transporte"],"articleSection":["Corporativo","Para-raios Smart com dispositivo de ioniza\u00e7\u00e3o","SMART LIGHTNING"],"inLanguage":"pt-PT"},{"@type":"WebPage","@id":"https:\/\/at3w.com\/pt-pt\/blog\/ampliacao-do-canal-de-panama-protegida-contra-o-raio-com-material-aplicaciones-tecnologicas-s-a\/","url":"https:\/\/at3w.com\/pt-pt\/blog\/ampliacao-do-canal-de-panama-protegida-contra-o-raio-com-material-aplicaciones-tecnologicas-s-a\/","name":"Amplia\u00e7\u00e3o do Canal de Panam\u00e1, protegida contra o raio com material Aplicaciones Tecnol\u00f3gicas S.A.","isPartOf":{"@id":"https:\/\/at3w.com\/pt-pt\/#website"},"primaryImageOfPage":{"@id":"https:\/\/at3w.com\/pt-pt\/blog\/ampliacao-do-canal-de-panama-protegida-contra-o-raio-com-material-aplicaciones-tecnologicas-s-a\/#primaryimage"},"image":{"@id":"https:\/\/at3w.com\/pt-pt\/blog\/ampliacao-do-canal-de-panama-protegida-contra-o-raio-com-material-aplicaciones-tecnologicas-s-a\/#primaryimage"},"thumbnailUrl":"https:\/\/at3w.com\/wp-content\/uploads\/canal-de-panamacc81-ampliado-cnn-4-3.jpg","datePublished":"2016-09-19T22:00:00+00:00","description":"A imensa obra, de grande valor estrat\u00e9gico, est\u00e1 situada numa zona com alt\u00edssima densidade de descargas atmosf\u00e9ricas.","inLanguage":"pt-PT","potentialAction":[{"@type":"ReadAction","target":["https:\/\/at3w.com\/pt-pt\/blog\/ampliacao-do-canal-de-panama-protegida-contra-o-raio-com-material-aplicaciones-tecnologicas-s-a\/"]}]},{"@type":"ImageObject","inLanguage":"pt-PT","@id":"https:\/\/at3w.com\/pt-pt\/blog\/ampliacao-do-canal-de-panama-protegida-contra-o-raio-com-material-aplicaciones-tecnologicas-s-a\/#primaryimage","url":"https:\/\/at3w.com\/wp-content\/uploads\/canal-de-panamacc81-ampliado-cnn-4-3.jpg","contentUrl":"https:\/\/at3w.com\/wp-content\/uploads\/canal-de-panamacc81-ampliado-cnn-4-3.jpg","width":1200,"height":729},{"@type":"WebSite","@id":"https:\/\/at3w.com\/pt-pt\/#website","url":"https:\/\/at3w.com\/pt-pt\/","name":"Aplicaciones Tecnol\u00f3gicas","description":"Smart Earthing tomas de tierra o puesta a tierra, Smart Lightning protecci\u00f3n integral contra el rayo, pararrayos, radar de rayos o detecci\u00f3n de tormentas","publisher":{"@id":"https:\/\/at3w.com\/pt-pt\/#organization"},"potentialAction":[{"@type":"SearchAction","target":{"@type":"EntryPoint","urlTemplate":"https:\/\/at3w.com\/pt-pt\/?s={search_term_string}"},"query-input":{"@type":"PropertyValueSpecification","valueRequired":true,"valueName":"search_term_string"}}],"inLanguage":"pt-PT"},{"@type":"Organization","@id":"https:\/\/at3w.com\/pt-pt\/#organization","name":"Aplicaciones Tecnol\u00f3gicas","url":"https:\/\/at3w.com\/pt-pt\/","logo":{"@type":"ImageObject","inLanguage":"pt-PT","@id":"https:\/\/at3w.com\/pt-pt\/#\/schema\/logo\/image\/","url":"https:\/\/at3w.com\/wp-content\/uploads\/2019\/02\/LOGO-HOME-APLICACIONES-TECNOLOGICAS.svg","contentUrl":"https:\/\/at3w.com\/wp-content\/uploads\/2019\/02\/LOGO-HOME-APLICACIONES-TECNOLOGICAS.svg","width":114,"height":104,"caption":"Aplicaciones Tecnol\u00f3gicas"},"image":{"@id":"https:\/\/at3w.com\/pt-pt\/#\/schema\/logo\/image\/"},"sameAs":["https:\/\/www.facebook.com\/APLICACIONES.TECNOLOGICAS\/","https:\/\/www.linkedin.com\/company\/aplicaciones-tecnologicas\/"]},{"@type":"Person","@id":"https:\/\/at3w.com\/pt-pt\/#\/schema\/person\/6be7c94c178b1848a14e3573ad187f21","name":"I\u00f1aki Fern\u00e1ndez","image":{"@type":"ImageObject","inLanguage":"pt-PT","@id":"https:\/\/at3w.com\/pt-pt\/#\/schema\/person\/image\/","url":"https:\/\/secure.gravatar.com\/avatar\/d7d93a125afe2c52583a19f93806f9302eca1ef6cfca882769cc289293498b93?s=96&d=mm&r=g","contentUrl":"https:\/\/secure.gravatar.com\/avatar\/d7d93a125afe2c52583a19f93806f9302eca1ef6cfca882769cc289293498b93?s=96&d=mm&r=g","caption":"I\u00f1aki Fern\u00e1ndez"}}]}},"_links":{"self":[{"href":"https:\/\/at3w.com\/pt-pt\/wp-json\/wp\/v2\/posts\/49306","targetHints":{"allow":["GET"]}}],"collection":[{"href":"https:\/\/at3w.com\/pt-pt\/wp-json\/wp\/v2\/posts"}],"about":[{"href":"https:\/\/at3w.com\/pt-pt\/wp-json\/wp\/v2\/types\/post"}],"author":[{"embeddable":true,"href":"https:\/\/at3w.com\/pt-pt\/wp-json\/wp\/v2\/users\/11"}],"replies":[{"embeddable":true,"href":"https:\/\/at3w.com\/pt-pt\/wp-json\/wp\/v2\/comments?post=49306"}],"version-history":[{"count":0,"href":"https:\/\/at3w.com\/pt-pt\/wp-json\/wp\/v2\/posts\/49306\/revisions"}],"wp:featuredmedia":[{"embeddable":true,"href":"https:\/\/at3w.com\/pt-pt\/wp-json\/wp\/v2\/media\/49307"}],"wp:attachment":[{"href":"https:\/\/at3w.com\/pt-pt\/wp-json\/wp\/v2\/media?parent=49306"}],"wp:term":[{"taxonomy":"category","embeddable":true,"href":"https:\/\/at3w.com\/pt-pt\/wp-json\/wp\/v2\/categories?post=49306"},{"taxonomy":"post_tag","embeddable":true,"href":"https:\/\/at3w.com\/pt-pt\/wp-json\/wp\/v2\/tags?post=49306"}],"curies":[{"name":"wp","href":"https:\/\/api.w.org\/{rel}","templated":true}]}}