{"id":50406,"date":"2020-04-16T00:00:00","date_gmt":"2020-04-15T22:00:00","guid":{"rendered":"https:\/\/at3w.com\/blog\/assim-e-o-novo-gestor-de-projetos-de-aplicaciones-tecnologicas\/"},"modified":"2020-04-16T00:00:00","modified_gmt":"2020-04-15T22:00:00","slug":"assim-e-o-novo-gestor-de-projetos-de-aplicaciones-tecnologicas","status":"publish","type":"post","link":"https:\/\/at3w.com\/pt-pt\/blog\/assim-e-o-novo-gestor-de-projetos-de-aplicaciones-tecnologicas\/","title":{"rendered":"Assim \u00e9 o novo Gestor de Projetos de Aplicaciones Tecnol\u00f3gicas"},"content":{"rendered":"<div id=\"ez-toc-container\" class=\"ez-toc-v2_0_82_2 counter-flat ez-toc-counter ez-toc-custom ez-toc-container-direction\">\n<div class=\"ez-toc-title-container\">\n<span class=\"ez-toc-title-toggle\"><\/span><\/div>\n<nav><ul class='ez-toc-list ez-toc-list-level-1 ' ><li class='ez-toc-page-1'><a class=\"ez-toc-link ez-toc-heading-1\" href=\"https:\/\/at3w.com\/pt-pt\/blog\/assim-e-o-novo-gestor-de-projetos-de-aplicaciones-tecnologicas\/#Como_aceder\" >Como aceder<\/a><\/li><li class='ez-toc-page-1'><a class=\"ez-toc-link ez-toc-heading-2\" href=\"https:\/\/at3w.com\/pt-pt\/blog\/assim-e-o-novo-gestor-de-projetos-de-aplicaciones-tecnologicas\/#O_que_encontrara_no_Gestor_de_Projetos\" >O que encontrar\u00e1 no Gestor de Projetos<\/a><\/li><li class='ez-toc-page-1'><a class=\"ez-toc-link ez-toc-heading-3\" href=\"https:\/\/at3w.com\/pt-pt\/blog\/assim-e-o-novo-gestor-de-projetos-de-aplicaciones-tecnologicas\/#Como_realizar_um_projeto_de_protecao_contra_o_raio\" >Como realizar um projeto de prote\u00e7\u00e3o contra o raio<\/a><\/li><\/ul><\/nav><\/div>\n<p>O <strong>Gestor de Projetos<\/strong> de Aplicaciones Tecnol\u00f3gicas \u00e9 uma completa <strong>ferramenta online para desenhar, definir e cotar <\/strong>de forma aut\u00f3noma e intuitiva projetos integrais de prote\u00e7\u00e3o contra o raio.<\/p>\n<h2><span class=\"ez-toc-section\" id=\"Como_aceder\"><\/span><strong>Co<\/strong><strong>mo aceder<\/strong><span class=\"ez-toc-section-end\"><\/span><\/h2>\n<p>O acesso ao <strong>Gestor de Projetos<\/strong> de Aplicaciones Tecnol\u00f3gicas consegue-se ap\u00f3s finalizar de forma satisfat\u00f3ria o <a href=\"https:\/\/pararaios-at3w.pt\/empresa\/noticias\/conheca-o-curso-avancado-de-protecao-contra-o-raio-de-aplicaciones-tecnologicas\/s33c483\" target=\"_blank\" rel=\"noopener noreferrer\">Curso avan\u00e7ado de Prote\u00e7\u00e3o Contra o Raio<\/a> dispon\u00edvel no <a href=\"https:\/\/pararaios-at3w.pt\/empresa\/noticias\/aplicaciones-tecnologicas-lanca-uma-nova-plataforma-online-exclusiva-para-profissionais\/s33c480\" target=\"_blank\" rel=\"noopener noreferrer\">Portal para Projetistas.<\/a><\/p>\n<h2><span class=\"ez-toc-section\" id=\"O_que_encontrara_no_Gestor_de_Projetos\"><\/span><strong>O que encontrar\u00e1 no Gestor de Projetos<\/strong><span class=\"ez-toc-section-end\"><\/span><\/h2>\n<p>O gestor de Projetos permite-lhe organizar de forma eficiente todos os projetos de prote\u00e7\u00e3o contra o raio que tenha realizado mediante o <em>software CD-Risk*<\/em> no Portal para Projetistas de Aplicaciones Tecnol\u00f3gicas.<\/p>\n<h2><span class=\"ez-toc-section\" id=\"Como_realizar_um_projeto_de_protecao_contra_o_raio\"><\/span><strong>Como realizar um projeto de prote\u00e7\u00e3o contra o raio<\/strong><span class=\"ez-toc-section-end\"><\/span><\/h2>\n<ol>\n<li>Realize o c\u00e1lculo de risco da sua estrutura<\/li>\n<\/ol>\n<p>Com o CD-Risk poder\u00e1 avaliar a necessidade ou n\u00e3o de prote\u00e7\u00e3o contra o raio da sua estrutura e qual deve ser a efic\u00e1cia dessa prote\u00e7\u00e3o (N\u00edvel de Prote\u00e7\u00e3o).<\/p>\n<ol>\n<li value=\"2\">Novamente, com o CD-Risk, realize um estudo de cobertura de para-raios e de prote\u00e7\u00e3o contra sobretens\u00f5es da sua estrutura.<\/li>\n<li value=\"3\">Documenta\u00e7\u00e3o que obter\u00e1 atrav\u00e9s do estudo:<\/li>\n<\/ol>\n<ul>\n<li>Mem\u00f3ria descritiva do projeto<\/li>\n<li>Proposta personalizada de todo o material necess\u00e1rio para um sistema completo de prote\u00e7\u00e3o contra o raio segundo os dados introduzidos.<\/li>\n<\/ul>\n<p>&nbsp;<\/p>\n<p>Esta documenta\u00e7\u00e3o aparecer\u00e1 de forma autom\u00e1tica no Gestor de Projetos.<\/p>\n<p>O Gestor de Projetos permite ainda juntar os seus pr\u00f3prios planos de AutoCAD, para obter a solu\u00e7\u00e3o de prote\u00e7\u00e3o implementada no pr\u00f3prio plano.<\/p>\n<p>Caso tenha alguma d\u00favida durante o processo, ter\u00e1 sempre dispon\u00edvel um painel de mensagens com acesso a um tutor em linha ass\u00edncrona. Nele poder\u00e1 trocar coment\u00e1rios, mensagens, observa\u00e7\u00f5es, etc.<\/p>\n<p><strong>Aceda agora ao Portal para Projetistas<\/strong> de Aplicaciones Tecnol\u00f3gicas e descubra tudo o que precisa saber em rela\u00e7\u00e3o \u00e0 prote\u00e7\u00e3o contra o raio: <a href=\"https:\/\/at3w-projects.com\/pt-pt\/\" target=\"_blank\" rel=\"noopener noreferrer\">clique aqui.<\/a><\/p>\n<p>&nbsp;<\/p>\n","protected":false},"excerpt":{"rendered":"<p>\n\tO <strong>Gestor de Projetos<\/strong> de Aplicaciones Tecnol&oacute;gicas &eacute; uma completa <strong>ferramenta online para desenhar, definir e cotar <\/strong>de forma aut&oacute;noma e intuitiva projetos integrais de prote&ccedil;&atilde;o contra o raio.<\/p>\n","protected":false},"author":11,"featured_media":50407,"comment_status":"closed","ping_status":"closed","sticky":false,"template":"","format":"standard","meta":{"inline_featured_image":false,"footnotes":""},"categories":[5588,5551],"tags":[5633,5782,5681,5640],"class_list":["post-50406","post","type-post","status-publish","format-standard","has-post-thumbnail","hentry","category-corporativo-pt","category-smart-lightning-pt","tag-aplicaciones-tecnologicas-pt-pt","tag-gestor-de-projetos","tag-para-raios","tag-proteccao-contra-o-raio"],"yoast_head":"<!-- This site is optimized with the Yoast SEO Premium plugin v27.0 (Yoast SEO v27.0) - https:\/\/yoast.com\/product\/yoast-seo-premium-wordpress\/ -->\n<title>Assim \u00e9 o novo Gestor de Projetos de Aplicaciones Tecnol\u00f3gicas<\/title>\n<meta name=\"description\" content=\"O Gestor de Projetos contra o raio \u00e9 uma completa ferramenta online para desenhar, definir e cotar de forma aut\u00f3noma e intuitiva\" \/>\n<meta name=\"robots\" content=\"index, follow, max-snippet:-1, max-image-preview:large, max-video-preview:-1\" \/>\n<link rel=\"canonical\" href=\"https:\/\/at3w.com\/pt-pt\/blog\/assim-e-o-novo-gestor-de-projetos-de-aplicaciones-tecnologicas\/\" \/>\n<meta property=\"og:locale\" content=\"pt_PT\" \/>\n<meta property=\"og:type\" content=\"article\" \/>\n<meta property=\"og:title\" content=\"Assim \u00e9 o novo Gestor de Projetos de Aplicaciones Tecnol\u00f3gicas\" \/>\n<meta property=\"og:description\" content=\"O Gestor de Projetos contra o raio \u00e9 uma completa ferramenta online para desenhar, definir e cotar de forma aut\u00f3noma e intuitiva\" \/>\n<meta property=\"og:url\" content=\"https:\/\/at3w.com\/pt-pt\/blog\/assim-e-o-novo-gestor-de-projetos-de-aplicaciones-tecnologicas\/\" \/>\n<meta property=\"og:site_name\" content=\"Aplicaciones Tecnol\u00f3gicas\" \/>\n<meta property=\"article:publisher\" content=\"https:\/\/www.facebook.com\/APLICACIONES.TECNOLOGICAS\/\" \/>\n<meta property=\"article:published_time\" content=\"2020-04-15T22:00:00+00:00\" \/>\n<meta property=\"og:image\" content=\"https:\/\/at3w.com\/wp-content\/uploads\/assim_\u00e9_o_novo_gestor_de_projetos_de_aplicaciones_tecnol\u00f3gicas.jpg\" \/>\n\t<meta property=\"og:image:width\" content=\"833\" \/>\n\t<meta property=\"og:image:height\" content=\"512\" \/>\n\t<meta property=\"og:image:type\" content=\"image\/jpeg\" \/>\n<meta name=\"author\" content=\"I\u00f1aki Fern\u00e1ndez\" \/>\n<meta name=\"twitter:card\" content=\"summary_large_image\" \/>\n<meta name=\"twitter:label1\" content=\"Escrito por\" \/>\n\t<meta name=\"twitter:data1\" content=\"I\u00f1aki Fern\u00e1ndez\" \/>\n\t<meta name=\"twitter:label2\" content=\"Tempo estimado de leitura\" \/>\n\t<meta name=\"twitter:data2\" content=\"2 minutos\" \/>\n<script type=\"application\/ld+json\" class=\"yoast-schema-graph\">{\"@context\":\"https:\/\/schema.org\",\"@graph\":[{\"@type\":\"Article\",\"@id\":\"https:\/\/at3w.com\/pt-pt\/blog\/assim-e-o-novo-gestor-de-projetos-de-aplicaciones-tecnologicas\/#article\",\"isPartOf\":{\"@id\":\"https:\/\/at3w.com\/pt-pt\/blog\/assim-e-o-novo-gestor-de-projetos-de-aplicaciones-tecnologicas\/\"},\"author\":{\"name\":\"I\u00f1aki Fern\u00e1ndez\",\"@id\":\"https:\/\/at3w.com\/pt-pt\/#\/schema\/person\/6be7c94c178b1848a14e3573ad187f21\"},\"headline\":\"Assim \u00e9 o novo Gestor de Projetos de Aplicaciones Tecnol\u00f3gicas\",\"datePublished\":\"2020-04-15T22:00:00+00:00\",\"mainEntityOfPage\":{\"@id\":\"https:\/\/at3w.com\/pt-pt\/blog\/assim-e-o-novo-gestor-de-projetos-de-aplicaciones-tecnologicas\/\"},\"wordCount\":329,\"publisher\":{\"@id\":\"https:\/\/at3w.com\/pt-pt\/#organization\"},\"image\":{\"@id\":\"https:\/\/at3w.com\/pt-pt\/blog\/assim-e-o-novo-gestor-de-projetos-de-aplicaciones-tecnologicas\/#primaryimage\"},\"thumbnailUrl\":\"https:\/\/at3w.com\/wp-content\/uploads\/assim_\u00e9_o_novo_gestor_de_projetos_de_aplicaciones_tecnol\u00f3gicas.jpg\",\"keywords\":[\"Aplicaciones Tecnol\u00f3gicas\",\"Gestor de Projetos\",\"para-raios\",\"protec\u00e7\u00e3o contra o raio\"],\"articleSection\":[\"Corporativo\",\"SMART LIGHTNING\"],\"inLanguage\":\"pt-PT\"},{\"@type\":\"WebPage\",\"@id\":\"https:\/\/at3w.com\/pt-pt\/blog\/assim-e-o-novo-gestor-de-projetos-de-aplicaciones-tecnologicas\/\",\"url\":\"https:\/\/at3w.com\/pt-pt\/blog\/assim-e-o-novo-gestor-de-projetos-de-aplicaciones-tecnologicas\/\",\"name\":\"Assim \u00e9 o novo Gestor de Projetos de Aplicaciones Tecnol\u00f3gicas\",\"isPartOf\":{\"@id\":\"https:\/\/at3w.com\/pt-pt\/#website\"},\"primaryImageOfPage\":{\"@id\":\"https:\/\/at3w.com\/pt-pt\/blog\/assim-e-o-novo-gestor-de-projetos-de-aplicaciones-tecnologicas\/#primaryimage\"},\"image\":{\"@id\":\"https:\/\/at3w.com\/pt-pt\/blog\/assim-e-o-novo-gestor-de-projetos-de-aplicaciones-tecnologicas\/#primaryimage\"},\"thumbnailUrl\":\"https:\/\/at3w.com\/wp-content\/uploads\/assim_\u00e9_o_novo_gestor_de_projetos_de_aplicaciones_tecnol\u00f3gicas.jpg\",\"datePublished\":\"2020-04-15T22:00:00+00:00\",\"description\":\"O Gestor de Projetos contra o raio \u00e9 uma completa ferramenta online para desenhar, definir e cotar de forma aut\u00f3noma e intuitiva\",\"inLanguage\":\"pt-PT\",\"potentialAction\":[{\"@type\":\"ReadAction\",\"target\":[\"https:\/\/at3w.com\/pt-pt\/blog\/assim-e-o-novo-gestor-de-projetos-de-aplicaciones-tecnologicas\/\"]}]},{\"@type\":\"ImageObject\",\"inLanguage\":\"pt-PT\",\"@id\":\"https:\/\/at3w.com\/pt-pt\/blog\/assim-e-o-novo-gestor-de-projetos-de-aplicaciones-tecnologicas\/#primaryimage\",\"url\":\"https:\/\/at3w.com\/wp-content\/uploads\/assim_\u00e9_o_novo_gestor_de_projetos_de_aplicaciones_tecnol\u00f3gicas.jpg\",\"contentUrl\":\"https:\/\/at3w.com\/wp-content\/uploads\/assim_\u00e9_o_novo_gestor_de_projetos_de_aplicaciones_tecnol\u00f3gicas.jpg\",\"width\":833,\"height\":512},{\"@type\":\"WebSite\",\"@id\":\"https:\/\/at3w.com\/pt-pt\/#website\",\"url\":\"https:\/\/at3w.com\/pt-pt\/\",\"name\":\"Aplicaciones Tecnol\u00f3gicas\",\"description\":\"Smart Earthing tomas de tierra o puesta a tierra, Smart Lightning protecci\u00f3n integral contra el rayo, pararrayos, radar de rayos o detecci\u00f3n de tormentas\",\"publisher\":{\"@id\":\"https:\/\/at3w.com\/pt-pt\/#organization\"},\"potentialAction\":[{\"@type\":\"SearchAction\",\"target\":{\"@type\":\"EntryPoint\",\"urlTemplate\":\"https:\/\/at3w.com\/pt-pt\/?s={search_term_string}\"},\"query-input\":{\"@type\":\"PropertyValueSpecification\",\"valueRequired\":true,\"valueName\":\"search_term_string\"}}],\"inLanguage\":\"pt-PT\"},{\"@type\":\"Organization\",\"@id\":\"https:\/\/at3w.com\/pt-pt\/#organization\",\"name\":\"Aplicaciones Tecnol\u00f3gicas\",\"url\":\"https:\/\/at3w.com\/pt-pt\/\",\"logo\":{\"@type\":\"ImageObject\",\"inLanguage\":\"pt-PT\",\"@id\":\"https:\/\/at3w.com\/pt-pt\/#\/schema\/logo\/image\/\",\"url\":\"https:\/\/at3w.com\/wp-content\/uploads\/2019\/02\/LOGO-HOME-APLICACIONES-TECNOLOGICAS.svg\",\"contentUrl\":\"https:\/\/at3w.com\/wp-content\/uploads\/2019\/02\/LOGO-HOME-APLICACIONES-TECNOLOGICAS.svg\",\"width\":114,\"height\":104,\"caption\":\"Aplicaciones Tecnol\u00f3gicas\"},\"image\":{\"@id\":\"https:\/\/at3w.com\/pt-pt\/#\/schema\/logo\/image\/\"},\"sameAs\":[\"https:\/\/www.facebook.com\/APLICACIONES.TECNOLOGICAS\/\",\"https:\/\/www.linkedin.com\/company\/aplicaciones-tecnologicas\/\"]},{\"@type\":\"Person\",\"@id\":\"https:\/\/at3w.com\/pt-pt\/#\/schema\/person\/6be7c94c178b1848a14e3573ad187f21\",\"name\":\"I\u00f1aki Fern\u00e1ndez\",\"image\":{\"@type\":\"ImageObject\",\"inLanguage\":\"pt-PT\",\"@id\":\"https:\/\/at3w.com\/pt-pt\/#\/schema\/person\/image\/\",\"url\":\"https:\/\/secure.gravatar.com\/avatar\/d7d93a125afe2c52583a19f93806f9302eca1ef6cfca882769cc289293498b93?s=96&d=mm&r=g\",\"contentUrl\":\"https:\/\/secure.gravatar.com\/avatar\/d7d93a125afe2c52583a19f93806f9302eca1ef6cfca882769cc289293498b93?s=96&d=mm&r=g\",\"caption\":\"I\u00f1aki Fern\u00e1ndez\"}}]}<\/script>\n<!-- \/ Yoast SEO Premium plugin. -->","yoast_head_json":{"title":"Assim \u00e9 o novo Gestor de Projetos de Aplicaciones Tecnol\u00f3gicas","description":"O Gestor de Projetos contra o raio \u00e9 uma completa ferramenta online para desenhar, definir e cotar de forma aut\u00f3noma e intuitiva","robots":{"index":"index","follow":"follow","max-snippet":"max-snippet:-1","max-image-preview":"max-image-preview:large","max-video-preview":"max-video-preview:-1"},"canonical":"https:\/\/at3w.com\/pt-pt\/blog\/assim-e-o-novo-gestor-de-projetos-de-aplicaciones-tecnologicas\/","og_locale":"pt_PT","og_type":"article","og_title":"Assim \u00e9 o novo Gestor de Projetos de Aplicaciones Tecnol\u00f3gicas","og_description":"O Gestor de Projetos contra o raio \u00e9 uma completa ferramenta online para desenhar, definir e cotar de forma aut\u00f3noma e intuitiva","og_url":"https:\/\/at3w.com\/pt-pt\/blog\/assim-e-o-novo-gestor-de-projetos-de-aplicaciones-tecnologicas\/","og_site_name":"Aplicaciones Tecnol\u00f3gicas","article_publisher":"https:\/\/www.facebook.com\/APLICACIONES.TECNOLOGICAS\/","article_published_time":"2020-04-15T22:00:00+00:00","og_image":[{"width":833,"height":512,"url":"https:\/\/at3w.com\/wp-content\/uploads\/assim_\u00e9_o_novo_gestor_de_projetos_de_aplicaciones_tecnol\u00f3gicas.jpg","type":"image\/jpeg"}],"author":"I\u00f1aki Fern\u00e1ndez","twitter_card":"summary_large_image","twitter_misc":{"Escrito por":"I\u00f1aki Fern\u00e1ndez","Tempo estimado de leitura":"2 minutos"},"schema":{"@context":"https:\/\/schema.org","@graph":[{"@type":"Article","@id":"https:\/\/at3w.com\/pt-pt\/blog\/assim-e-o-novo-gestor-de-projetos-de-aplicaciones-tecnologicas\/#article","isPartOf":{"@id":"https:\/\/at3w.com\/pt-pt\/blog\/assim-e-o-novo-gestor-de-projetos-de-aplicaciones-tecnologicas\/"},"author":{"name":"I\u00f1aki Fern\u00e1ndez","@id":"https:\/\/at3w.com\/pt-pt\/#\/schema\/person\/6be7c94c178b1848a14e3573ad187f21"},"headline":"Assim \u00e9 o novo Gestor de Projetos de Aplicaciones Tecnol\u00f3gicas","datePublished":"2020-04-15T22:00:00+00:00","mainEntityOfPage":{"@id":"https:\/\/at3w.com\/pt-pt\/blog\/assim-e-o-novo-gestor-de-projetos-de-aplicaciones-tecnologicas\/"},"wordCount":329,"publisher":{"@id":"https:\/\/at3w.com\/pt-pt\/#organization"},"image":{"@id":"https:\/\/at3w.com\/pt-pt\/blog\/assim-e-o-novo-gestor-de-projetos-de-aplicaciones-tecnologicas\/#primaryimage"},"thumbnailUrl":"https:\/\/at3w.com\/wp-content\/uploads\/assim_\u00e9_o_novo_gestor_de_projetos_de_aplicaciones_tecnol\u00f3gicas.jpg","keywords":["Aplicaciones Tecnol\u00f3gicas","Gestor de Projetos","para-raios","protec\u00e7\u00e3o contra o raio"],"articleSection":["Corporativo","SMART LIGHTNING"],"inLanguage":"pt-PT"},{"@type":"WebPage","@id":"https:\/\/at3w.com\/pt-pt\/blog\/assim-e-o-novo-gestor-de-projetos-de-aplicaciones-tecnologicas\/","url":"https:\/\/at3w.com\/pt-pt\/blog\/assim-e-o-novo-gestor-de-projetos-de-aplicaciones-tecnologicas\/","name":"Assim \u00e9 o novo Gestor de Projetos de Aplicaciones Tecnol\u00f3gicas","isPartOf":{"@id":"https:\/\/at3w.com\/pt-pt\/#website"},"primaryImageOfPage":{"@id":"https:\/\/at3w.com\/pt-pt\/blog\/assim-e-o-novo-gestor-de-projetos-de-aplicaciones-tecnologicas\/#primaryimage"},"image":{"@id":"https:\/\/at3w.com\/pt-pt\/blog\/assim-e-o-novo-gestor-de-projetos-de-aplicaciones-tecnologicas\/#primaryimage"},"thumbnailUrl":"https:\/\/at3w.com\/wp-content\/uploads\/assim_\u00e9_o_novo_gestor_de_projetos_de_aplicaciones_tecnol\u00f3gicas.jpg","datePublished":"2020-04-15T22:00:00+00:00","description":"O Gestor de Projetos contra o raio \u00e9 uma completa ferramenta online para desenhar, definir e cotar de forma aut\u00f3noma e intuitiva","inLanguage":"pt-PT","potentialAction":[{"@type":"ReadAction","target":["https:\/\/at3w.com\/pt-pt\/blog\/assim-e-o-novo-gestor-de-projetos-de-aplicaciones-tecnologicas\/"]}]},{"@type":"ImageObject","inLanguage":"pt-PT","@id":"https:\/\/at3w.com\/pt-pt\/blog\/assim-e-o-novo-gestor-de-projetos-de-aplicaciones-tecnologicas\/#primaryimage","url":"https:\/\/at3w.com\/wp-content\/uploads\/assim_\u00e9_o_novo_gestor_de_projetos_de_aplicaciones_tecnol\u00f3gicas.jpg","contentUrl":"https:\/\/at3w.com\/wp-content\/uploads\/assim_\u00e9_o_novo_gestor_de_projetos_de_aplicaciones_tecnol\u00f3gicas.jpg","width":833,"height":512},{"@type":"WebSite","@id":"https:\/\/at3w.com\/pt-pt\/#website","url":"https:\/\/at3w.com\/pt-pt\/","name":"Aplicaciones Tecnol\u00f3gicas","description":"Smart Earthing tomas de tierra o puesta a tierra, Smart Lightning protecci\u00f3n integral contra el rayo, pararrayos, radar de rayos o detecci\u00f3n de tormentas","publisher":{"@id":"https:\/\/at3w.com\/pt-pt\/#organization"},"potentialAction":[{"@type":"SearchAction","target":{"@type":"EntryPoint","urlTemplate":"https:\/\/at3w.com\/pt-pt\/?s={search_term_string}"},"query-input":{"@type":"PropertyValueSpecification","valueRequired":true,"valueName":"search_term_string"}}],"inLanguage":"pt-PT"},{"@type":"Organization","@id":"https:\/\/at3w.com\/pt-pt\/#organization","name":"Aplicaciones Tecnol\u00f3gicas","url":"https:\/\/at3w.com\/pt-pt\/","logo":{"@type":"ImageObject","inLanguage":"pt-PT","@id":"https:\/\/at3w.com\/pt-pt\/#\/schema\/logo\/image\/","url":"https:\/\/at3w.com\/wp-content\/uploads\/2019\/02\/LOGO-HOME-APLICACIONES-TECNOLOGICAS.svg","contentUrl":"https:\/\/at3w.com\/wp-content\/uploads\/2019\/02\/LOGO-HOME-APLICACIONES-TECNOLOGICAS.svg","width":114,"height":104,"caption":"Aplicaciones Tecnol\u00f3gicas"},"image":{"@id":"https:\/\/at3w.com\/pt-pt\/#\/schema\/logo\/image\/"},"sameAs":["https:\/\/www.facebook.com\/APLICACIONES.TECNOLOGICAS\/","https:\/\/www.linkedin.com\/company\/aplicaciones-tecnologicas\/"]},{"@type":"Person","@id":"https:\/\/at3w.com\/pt-pt\/#\/schema\/person\/6be7c94c178b1848a14e3573ad187f21","name":"I\u00f1aki Fern\u00e1ndez","image":{"@type":"ImageObject","inLanguage":"pt-PT","@id":"https:\/\/at3w.com\/pt-pt\/#\/schema\/person\/image\/","url":"https:\/\/secure.gravatar.com\/avatar\/d7d93a125afe2c52583a19f93806f9302eca1ef6cfca882769cc289293498b93?s=96&d=mm&r=g","contentUrl":"https:\/\/secure.gravatar.com\/avatar\/d7d93a125afe2c52583a19f93806f9302eca1ef6cfca882769cc289293498b93?s=96&d=mm&r=g","caption":"I\u00f1aki Fern\u00e1ndez"}}]}},"_links":{"self":[{"href":"https:\/\/at3w.com\/pt-pt\/wp-json\/wp\/v2\/posts\/50406","targetHints":{"allow":["GET"]}}],"collection":[{"href":"https:\/\/at3w.com\/pt-pt\/wp-json\/wp\/v2\/posts"}],"about":[{"href":"https:\/\/at3w.com\/pt-pt\/wp-json\/wp\/v2\/types\/post"}],"author":[{"embeddable":true,"href":"https:\/\/at3w.com\/pt-pt\/wp-json\/wp\/v2\/users\/11"}],"replies":[{"embeddable":true,"href":"https:\/\/at3w.com\/pt-pt\/wp-json\/wp\/v2\/comments?post=50406"}],"version-history":[{"count":0,"href":"https:\/\/at3w.com\/pt-pt\/wp-json\/wp\/v2\/posts\/50406\/revisions"}],"wp:featuredmedia":[{"embeddable":true,"href":"https:\/\/at3w.com\/pt-pt\/wp-json\/wp\/v2\/media\/50407"}],"wp:attachment":[{"href":"https:\/\/at3w.com\/pt-pt\/wp-json\/wp\/v2\/media?parent=50406"}],"wp:term":[{"taxonomy":"category","embeddable":true,"href":"https:\/\/at3w.com\/pt-pt\/wp-json\/wp\/v2\/categories?post=50406"},{"taxonomy":"post_tag","embeddable":true,"href":"https:\/\/at3w.com\/pt-pt\/wp-json\/wp\/v2\/tags?post=50406"}],"curies":[{"name":"wp","href":"https:\/\/api.w.org\/{rel}","templated":true}]}}