{"id":50422,"date":"2020-04-02T00:00:00","date_gmt":"2020-04-01T22:00:00","guid":{"rendered":"https:\/\/at3w.com\/blog\/o-que-e-e-como-se-forma-uma-tempestade-eletrica\/"},"modified":"2020-04-02T00:00:00","modified_gmt":"2020-04-01T22:00:00","slug":"o-que-e-e-como-se-forma-uma-tempestade-eletrica","status":"publish","type":"post","link":"https:\/\/at3w.com\/pt-pt\/blog\/o-que-e-e-como-se-forma-uma-tempestade-eletrica\/","title":{"rendered":"O que \u00e9 e como se forma uma tempestade el\u00e9trica"},"content":{"rendered":"<div id=\"ez-toc-container\" class=\"ez-toc-v2_0_82_2 counter-flat ez-toc-counter ez-toc-custom ez-toc-container-direction\">\n<div class=\"ez-toc-title-container\">\n<span class=\"ez-toc-title-toggle\"><\/span><\/div>\n<nav><ul class='ez-toc-list ez-toc-list-level-1 ' ><li class='ez-toc-page-1'><a class=\"ez-toc-link ez-toc-heading-1\" href=\"https:\/\/at3w.com\/pt-pt\/blog\/o-que-e-e-como-se-forma-uma-tempestade-eletrica\/#No_ambito_da_metrologia_definicao\" >No \u00e2mbito da metrologia: defini\u00e7\u00e3o<\/a><\/li><li class='ez-toc-page-1'><a class=\"ez-toc-link ez-toc-heading-2\" href=\"https:\/\/at3w.com\/pt-pt\/blog\/o-que-e-e-como-se-forma-uma-tempestade-eletrica\/#Como_se_formam_as_trovoadas_eletricas\" >Como se formam as trovoadas el\u00e9tricas?<\/a><\/li><li class='ez-toc-page-1'><a class=\"ez-toc-link ez-toc-heading-3\" href=\"https:\/\/at3w.com\/pt-pt\/blog\/o-que-e-e-como-se-forma-uma-tempestade-eletrica\/#Mecanismos_mediante_os_quais_a_nuvem_acumula_carga_eletrica\" >Mecanismos mediante os quais a nuvem acumula carga el\u00e9trica:<\/a><\/li><li class='ez-toc-page-1'><a class=\"ez-toc-link ez-toc-heading-4\" href=\"https:\/\/at3w.com\/pt-pt\/blog\/o-que-e-e-como-se-forma-uma-tempestade-eletrica\/#Tipos_de_tempestades_eletricas\" >Tipos de tempestades el\u00e9tricas<\/a><\/li><li class='ez-toc-page-1'><a class=\"ez-toc-link ez-toc-heading-5\" href=\"https:\/\/at3w.com\/pt-pt\/blog\/o-que-e-e-como-se-forma-uma-tempestade-eletrica\/#Medidas_de_seguranca_perante_uma_tempestade_eletrica\" >Medidas de seguran\u00e7a perante uma tempestade el\u00e9trica<\/a><\/li><\/ul><\/nav><\/div>\n<p>[vc_row][vc_column][vc_column_text]Uma tempestade el\u00e9trica manifesta-se pela descarga repentina de eletricidade, percet\u00edvel por um clar\u00e3o intenso e fogaz, regularmente conhecido como raio ou rel\u00e2mpago, e por um potente som, o trov\u00e3o.<\/p>\n<p>Depois de sofrer durante d\u00e9cadas \u00e1rduos fen\u00f3menos naturais, o governo do M\u00e9xico criou em 1988 uma institui\u00e7\u00e3o dedicada a gerar conhecimento especializado sobre este tema. Esta institui\u00e7\u00e3o conhecida como CENAPRED (Centro Nacional de Preven\u00e7\u00e3o de Desastres), desenvolvia t\u00e9cnicas para reduzir os riscos e ajudar a popula\u00e7\u00e3o a entender as causas que os geravam.<\/p>\n<p>As tempestades severas (entre elas as el\u00e9tricas), ocupam um fasc\u00edculo inteiro das suas publica\u00e7\u00f5es.<\/p>\n<p>&nbsp;<\/p>\n<h2><span class=\"ez-toc-section\" id=\"No_ambito_da_metrologia_definicao\"><\/span><strong>No \u00e2mbito da metrologia: defini\u00e7\u00e3o<\/strong><span class=\"ez-toc-section-end\"><\/span><\/h2>\n<p>Segundo o CENAPRED, as tempestades el\u00e9tricas est\u00e3o associadas a um tipo de nuvem em concreto, as convectivas, tamb\u00e9m conhecidas como cumulonimbus, e podem ser acompanhadas de aguaceiros, neve, neve granulada, gelo granulado ou granizo.<\/p>\n<p>S\u00e3o de car\u00e1cter local e segundo o NOAA (<em>National Oceanic and Atmospheric Administration),<\/em> podem chegar a coexistir simultaneamente umas 2000 trovoadas no mundo.<\/p>\n<p>A consciencializa\u00e7\u00e3o do perigo perante este fen\u00f3meno atmosf\u00e9rico deve ser uma prioridade para todas as pessoas que residam numa <a href=\"https:\/\/pararaios-at3w.pt\/empresa\/noticias\/onde-caiem-mais-raios-em-espanha-e-no-mundo\/s33c455\" target=\"_blank\" rel=\"noopener noreferrer\">zona de alto n\u00edvel cer\u00e1unico.<\/a><\/p>\n<p>&nbsp;<\/p>\n<h2><span class=\"ez-toc-section\" id=\"Como_se_formam_as_trovoadas_eletricas\"><\/span><strong>Como se formam as trovoadas el\u00e9tricas?<\/strong><span class=\"ez-toc-section-end\"><\/span><\/h2>\n<p>Na atmosfera, em condi\u00e7\u00f5es normais, existe um equil\u00edbrio entre as cargas positivas e negativas. Mas durante uma trovoada, a parte baixa das nuvens carrega negativamente e induz uma carga positiva na terra e nos elementos situados sobre ela.<\/p>\n<p>A partir de certo n\u00edvel de campo el\u00e9trico, o ar deixa de ser isolante e as nuvens descarregam sobre a terra com um arco el\u00e9trico ao qual chamamos raio.<\/p>\n<p>Segundo a mesma publica\u00e7\u00e3o da CENAPRED sobre as trovoadas el\u00e9tricas, o ciclo de dura\u00e7\u00e3o da trovoada \u00e9 entre uma a duas horas, e espec\u00edfica que todas as tempestades el\u00e9tricas cont\u00eam raios, os quais podem ocorrer individualmente, em grupos, ou em linhas.<\/p>\n<h2><strong><img loading=\"lazy\" decoding=\"async\" class=\"aligncenter size-full wp-image-30827 img-responsive img-fluid\" src=\"https:\/\/at3w.com\/wp-content\/uploads\/2020\/04\/O-que-e-e-como-se-forma-uma-tempestade-eletrica_Aplicaciones-tecnologicas.jpg\" alt=\"\" width=\"660\" height=\"406\" \/><\/strong><\/h2>\n<h2><span class=\"ez-toc-section\" id=\"Mecanismos_mediante_os_quais_a_nuvem_acumula_carga_eletrica\"><\/span><strong>Mecanismos mediante os quais a nuvem acumula carga el\u00e9trica:<\/strong><span class=\"ez-toc-section-end\"><\/span><\/h2>\n<h3><strong>Mecanismo convectivo<\/strong><\/h3>\n<p>A convec\u00e7\u00e3o \u00e9 o transporte de calor pelo movimento de fluidos em zonas com diferentes temperaturas. Quando a superf\u00edcie terrestre aquece, por causa da radia\u00e7\u00e3o solar, acontece o mesmo com os fluxos de ar pr\u00f3ximos. Se a temperatura aumenta na camada inferior da atmosfera, produz-se uma subida t\u00e9rmica que produz condensa\u00e7\u00e3o de vapor de \u00e1gua existente na atmosfera.<\/p>\n<p>Quando a forma\u00e7\u00e3o da nuvem come\u00e7a, existem correntes ascendentes de ar quente que transportam i\u00f5es da base e que s\u00e3o apanhados pelas part\u00edculas de \u00e1gua.<\/p>\n<p>As part\u00edculas negativas circundantes s\u00e3o atra\u00eddas ao exterior da nuvem, sendo apanhadas pelas part\u00edculas na superf\u00edcie e transportadas por correntes descendentes at\u00e9 \u00e0s zonas mais baixas. A separa\u00e7\u00e3o das cargas \u00e9 o que d\u00e1 lugar \u00e0 eletrifica\u00e7\u00e3o da nuvem.<\/p>\n<h3><strong>Mecanismo indutivo <\/strong><\/h3>\n<p>Um campo el\u00e9trico externo pode induzir cargas nas part\u00edculas da nuvem que, ao colidirem entre elas, geram uma transfer\u00eancia dessa carga, intensificando a eletrifica\u00e7\u00e3o da nuvem.<\/p>\n<h3><strong>Mecanismos n\u00e3o indutivos<\/strong><\/h3>\n<p>Este tipo de mecanismos n\u00e3o precisa de nenhum campo el\u00e9trico exterior e baseia-se na carga transferida pela ades\u00e3o de part\u00edculas \u00e0 superf\u00edcie de pequenos cristais de gelo.<\/p>\n<h2><span class=\"ez-toc-section\" id=\"Tipos_de_tempestades_eletricas\"><\/span><strong>Tipos de tempestades el\u00e9tricas <\/strong><span class=\"ez-toc-section-end\"><\/span><\/h2>\n<p>Existem dois tipos dependendo da sua natureza*:<\/p>\n<h3><strong>Tempestades de c\u00e9lula simples<\/strong><\/h3>\n<p>S\u00e3o as tempestades mais d\u00e9beis, de curta dura\u00e7\u00e3o. Tem ocorr\u00eancia de raios e podem provocar fortes chuva, mas a sua c\u00e9lula n\u00e3o se retroalimenta de energia.<\/p>\n<h3><strong>Tempestades multicelulares <\/strong><\/h3>\n<p>A sua peculiaridade reside em possuir duas ou mais c\u00e9lulas. As tempestades multicelulares s\u00e3o mais intensas, de uma dura\u00e7\u00e3o mais longa (podem chegar a v\u00e1rias horas) e podem ser acompanhadas de fortes ventos, granizo e at\u00e9 pequenos tornados.<\/p>\n<h3><strong>Tempestades de superc\u00e9lulas<\/strong><\/h3>\n<p>Trata-se de tempestades que se retroalimentam a si mesmas. Um circuito de correntes ascende de forma mant\u00eam a carga energ\u00e9tica, podendo preceder outro tipo de fen\u00f3menos como fortes tornados.<\/p>\n<p>Estas tempestades s\u00e3o particularmente destrutivas.<\/p>\n<h3><strong>Linha de trovoada <\/strong><\/h3>\n<p>Referimo-nos a este tipo de tempestades quando se produz uma linha de trovoada ativa acompanhada de ventos cicl\u00f3nicos, fortes chuvas e fortes rajadas de vento.<\/p>\n<h3><strong>Tempestades de eco arqueado ou eco em arco<\/strong><\/h3>\n<p>O seu nome prov\u00e9m da forma que adquire a pr\u00f3pria tempestade el\u00e9trica, de estilo curvo ou com forma de arco.<\/p>\n<h3><strong>Curiosidades sobre as tempestades el\u00e9tricas<\/strong><\/h3>\n<p>Os raios podem chegar a alcan\u00e7ar temperaturas pr\u00f3ximas aos 30000 graus centigrados, uma alt\u00edssima temperatura que d\u00e1 lugar a uma luz branca caracterizada pela incandesc\u00eancia do caminho da descarga.<\/p>\n<p>O ar quente que ajuda \u00e0 forma\u00e7\u00e3o das tempestades el\u00e9tricas expande-se provocando uma onda de choque que chega em forma de som, este \u00e9 o fen\u00f3meno que d\u00e1 lugar aos trov\u00f5es.<\/p>\n<p>O CENAPRED define como caracter\u00edstica das trovoadas a combina\u00e7\u00e3o de humidade que se produz entre o ar quente que sobe com rapidez desde a superf\u00edcie terrestre e uma for\u00e7a capaz de o levantar como uma frente fria, uma brisa marinha ou uma montanha.<\/p>\n<h2><span class=\"ez-toc-section\" id=\"Medidas_de_seguranca_perante_uma_tempestade_eletrica\"><\/span><strong>Medidas de seguran\u00e7a perante uma tempestade el\u00e9trica <\/strong><span class=\"ez-toc-section-end\"><\/span><\/h2>\n<p>A forma\u00e7\u00e3o de tempestades el\u00e9tricas n\u00e3o pode ser evitada, mas <a href=\"https:\/\/at3w-mk.com\/atstorm\/pt\/\" target=\"_blank\" rel=\"noopener noreferrer\">\u00e9 poss\u00edvel antecipar a queda de raios sobre uma determinada \u00e1rea de interesse<\/a>. Esta antecipa\u00e7\u00e3o permite minimizar riscos e evitar acidentes colando em marcha a\u00e7\u00f5es temporais preventivas.<\/p>\n<p>Aplicaciones Tecnol\u00f3gicas proporciona solu\u00e7\u00f5es inovadoras em prote\u00e7\u00e3o e preven\u00e7\u00e3o contra descargas el\u00e9tricas:<strong> o sistema ATSTORM\u00ae<\/strong><\/p>\n<p><strong><img decoding=\"async\" src=\"\/upload\/imagenesEditor\/ATSTORM_le_systeme_expert_local_d_alerte_precoce_pour_la_prevention_des_risques_d_orages_electriques.jpg\" alt=\"O sistema especialista local de alerta pr\u00e9via para a preven\u00e7\u00e3o de riscos de tempestades el\u00e9tricas ATSTORM\u00ae\" \/><\/strong><\/p>\n<p>O sistema especialista local de alerta pr\u00e9via para a preven\u00e7\u00e3o de riscos de tempestades el\u00e9tricas ATSTORM\u00ae, \u00e9 capaz de detetar todas as fases da trovoada em tempo real. Pertence \u00e0 categoria de detetores de \u201cclasse A\u201d descritos a norma UNE-EN IEC 62793.<\/p>\n<p>Recorde que a \u00fanica forma de aplicar medidas preventivas temporais que evitem ou minimizem os efeitos de uma trovoada el\u00e9trica \u00e9 mediante um sistema de dete\u00e7\u00e3o. Devemos descartar m\u00e9todos pouco fi\u00e1veis e desfasados como a regra 30\/30.<\/p>\n<div class=\"vc_row wpb_row vc_row-fluid\">\n<div class=\"wpb_column vc_column_container vc_col-sm-12\">\n<div class=\"vc_column-inner\">\n<div class=\"wpb_wrapper\">\n<div class=\"wpb_text_column wpb_content_element \">\n<div class=\"wpb_wrapper\">\n<p>Se deseja obter mais informa\u00e7\u00e3o sobre dete\u00e7\u00e3o local de trovoadas e o funcionamento do ATSTORM\u00ae, pode entrar em contacto connosco\u00a0<a href=\"https:\/\/at3w-mk.com\/atstorm\/pt\/\" target=\"_blank\" rel=\"noopener\">pelo seguinte link<\/a>\u00a0e descarregar de forma gratuita o ebook\u00a0<em>Gest\u00e3o avan\u00e7ada de risco de raio.<\/em><\/p>\n<p>Pode tamb\u00e9m assistir a qualquer um dos nossos webinars sobre dete\u00e7\u00e3o de trovoadas, dispon\u00edveis\u00a0<a href=\"https:\/\/at3w.com\/pt-pt\/formacao-webinars\/\" target=\"_blank\" rel=\"noopener\">no link<\/a>.<\/p>\n<\/div>\n<\/div>\n<\/div>\n<\/div>\n<\/div>\n<\/div>\n<p><strong>Referencias<\/strong><\/p>\n<p><strong>*: Portillo, G. Fen\u00f3menos meteorol\u00f3gicas. www.meteorologiaenred.com<\/strong>[\/vc_column_text][\/vc_column][\/vc_row]<\/p>\n","protected":false},"excerpt":{"rendered":"<p>\n\tUma tempestade el&eacute;trica manifesta-se pela descarga repentina de eletricidade, percet&iacute;vel por um clar&atilde;o intenso e fogaz, comummente conhecido como raio ou rel&acirc;mpago, e por um potente som, o trov&atilde;o.<\/p>\n","protected":false},"author":11,"featured_media":50423,"comment_status":"closed","ping_status":"closed","sticky":false,"template":"","format":"standard","meta":{"inline_featured_image":false,"footnotes":""},"categories":[5571,5551],"tags":[5633,5953,5677,5640,5786],"class_list":["post-50422","post","type-post","status-publish","format-standard","has-post-thumbnail","hentry","category-pararaios","category-smart-lightning-pt","tag-aplicaciones-tecnologicas-pt-pt","tag-detecao-antecipada-de-trovoadas","tag-detecao-de-trovoadas","tag-proteccao-contra-o-raio","tag-tempestade-eletrica"],"yoast_head":"<!-- This site is optimized with the Yoast SEO Premium plugin v27.0 (Yoast SEO v27.0) - https:\/\/yoast.com\/product\/yoast-seo-premium-wordpress\/ -->\n<title>O que \u00e9 e como se forma uma tempestade el\u00e9trica - ATSA<\/title>\n<meta name=\"description\" content=\"Uma tempestade el\u00e9trica manifesta-se pela descarga repentina de eletricidade, percet\u00edvel por um clar\u00e3o intenso, raio, e por o trov\u00e3o.\" \/>\n<meta name=\"robots\" content=\"index, follow, max-snippet:-1, max-image-preview:large, max-video-preview:-1\" \/>\n<link rel=\"canonical\" href=\"https:\/\/at3w.com\/pt-pt\/blog\/o-que-e-e-como-se-forma-uma-tempestade-eletrica\/\" \/>\n<meta property=\"og:locale\" content=\"pt_PT\" \/>\n<meta property=\"og:type\" content=\"article\" \/>\n<meta property=\"og:title\" content=\"O que \u00e9 e como se forma uma tempestade el\u00e9trica - ATSA\" \/>\n<meta property=\"og:description\" content=\"Uma tempestade el\u00e9trica manifesta-se pela descarga repentina de eletricidade, percet\u00edvel por um clar\u00e3o intenso, raio, e por o trov\u00e3o.\" \/>\n<meta property=\"og:url\" content=\"https:\/\/at3w.com\/pt-pt\/blog\/o-que-e-e-como-se-forma-uma-tempestade-eletrica\/\" \/>\n<meta property=\"og:site_name\" content=\"Aplicaciones Tecnol\u00f3gicas\" \/>\n<meta property=\"article:publisher\" content=\"https:\/\/www.facebook.com\/APLICACIONES.TECNOLOGICAS\/\" \/>\n<meta property=\"article:published_time\" content=\"2020-04-01T22:00:00+00:00\" \/>\n<meta property=\"og:image\" content=\"https:\/\/at3w.com\/wp-content\/uploads\/o_que_\u00e9_e_como_se_forma_uma_tempestade_el\u00e9trica.jpg\" \/>\n\t<meta property=\"og:image:width\" content=\"833\" \/>\n\t<meta property=\"og:image:height\" content=\"512\" \/>\n\t<meta property=\"og:image:type\" content=\"image\/jpeg\" \/>\n<meta name=\"author\" content=\"I\u00f1aki Fern\u00e1ndez\" \/>\n<meta name=\"twitter:card\" content=\"summary_large_image\" \/>\n<meta name=\"twitter:label1\" content=\"Escrito por\" \/>\n\t<meta name=\"twitter:data1\" content=\"I\u00f1aki Fern\u00e1ndez\" \/>\n\t<meta name=\"twitter:label2\" content=\"Tempo estimado de leitura\" \/>\n\t<meta name=\"twitter:data2\" content=\"5 minutos\" \/>\n<script type=\"application\/ld+json\" class=\"yoast-schema-graph\">{\"@context\":\"https:\/\/schema.org\",\"@graph\":[{\"@type\":\"Article\",\"@id\":\"https:\/\/at3w.com\/pt-pt\/blog\/o-que-e-e-como-se-forma-uma-tempestade-eletrica\/#article\",\"isPartOf\":{\"@id\":\"https:\/\/at3w.com\/pt-pt\/blog\/o-que-e-e-como-se-forma-uma-tempestade-eletrica\/\"},\"author\":{\"name\":\"I\u00f1aki Fern\u00e1ndez\",\"@id\":\"https:\/\/at3w.com\/pt-pt\/#\/schema\/person\/6be7c94c178b1848a14e3573ad187f21\"},\"headline\":\"O que \u00e9 e como se forma uma tempestade el\u00e9trica\",\"datePublished\":\"2020-04-01T22:00:00+00:00\",\"mainEntityOfPage\":{\"@id\":\"https:\/\/at3w.com\/pt-pt\/blog\/o-que-e-e-como-se-forma-uma-tempestade-eletrica\/\"},\"wordCount\":1108,\"publisher\":{\"@id\":\"https:\/\/at3w.com\/pt-pt\/#organization\"},\"image\":{\"@id\":\"https:\/\/at3w.com\/pt-pt\/blog\/o-que-e-e-como-se-forma-uma-tempestade-eletrica\/#primaryimage\"},\"thumbnailUrl\":\"https:\/\/at3w.com\/wp-content\/uploads\/o_que_\u00e9_e_como_se_forma_uma_tempestade_el\u00e9trica.jpg\",\"keywords\":[\"Aplicaciones Tecnol\u00f3gicas\",\"dete\u00e7\u00e3o antecipada de trovoadas\",\"dete\u00e7\u00e3o de trovoadas\",\"protec\u00e7\u00e3o contra o raio\",\"tempestade el\u00e9trica\"],\"articleSection\":[\"Para-raios Smart com dispositivo de ioniza\u00e7\u00e3o\",\"SMART LIGHTNING\"],\"inLanguage\":\"pt-PT\"},{\"@type\":\"WebPage\",\"@id\":\"https:\/\/at3w.com\/pt-pt\/blog\/o-que-e-e-como-se-forma-uma-tempestade-eletrica\/\",\"url\":\"https:\/\/at3w.com\/pt-pt\/blog\/o-que-e-e-como-se-forma-uma-tempestade-eletrica\/\",\"name\":\"O que \u00e9 e como se forma uma tempestade el\u00e9trica - ATSA\",\"isPartOf\":{\"@id\":\"https:\/\/at3w.com\/pt-pt\/#website\"},\"primaryImageOfPage\":{\"@id\":\"https:\/\/at3w.com\/pt-pt\/blog\/o-que-e-e-como-se-forma-uma-tempestade-eletrica\/#primaryimage\"},\"image\":{\"@id\":\"https:\/\/at3w.com\/pt-pt\/blog\/o-que-e-e-como-se-forma-uma-tempestade-eletrica\/#primaryimage\"},\"thumbnailUrl\":\"https:\/\/at3w.com\/wp-content\/uploads\/o_que_\u00e9_e_como_se_forma_uma_tempestade_el\u00e9trica.jpg\",\"datePublished\":\"2020-04-01T22:00:00+00:00\",\"description\":\"Uma tempestade el\u00e9trica manifesta-se pela descarga repentina de eletricidade, percet\u00edvel por um clar\u00e3o intenso, raio, e por o trov\u00e3o.\",\"inLanguage\":\"pt-PT\",\"potentialAction\":[{\"@type\":\"ReadAction\",\"target\":[\"https:\/\/at3w.com\/pt-pt\/blog\/o-que-e-e-como-se-forma-uma-tempestade-eletrica\/\"]}]},{\"@type\":\"ImageObject\",\"inLanguage\":\"pt-PT\",\"@id\":\"https:\/\/at3w.com\/pt-pt\/blog\/o-que-e-e-como-se-forma-uma-tempestade-eletrica\/#primaryimage\",\"url\":\"https:\/\/at3w.com\/wp-content\/uploads\/o_que_\u00e9_e_como_se_forma_uma_tempestade_el\u00e9trica.jpg\",\"contentUrl\":\"https:\/\/at3w.com\/wp-content\/uploads\/o_que_\u00e9_e_como_se_forma_uma_tempestade_el\u00e9trica.jpg\",\"width\":833,\"height\":512},{\"@type\":\"WebSite\",\"@id\":\"https:\/\/at3w.com\/pt-pt\/#website\",\"url\":\"https:\/\/at3w.com\/pt-pt\/\",\"name\":\"Aplicaciones Tecnol\u00f3gicas\",\"description\":\"Smart Earthing tomas de tierra o puesta a tierra, Smart Lightning protecci\u00f3n integral contra el rayo, pararrayos, radar de rayos o detecci\u00f3n de tormentas\",\"publisher\":{\"@id\":\"https:\/\/at3w.com\/pt-pt\/#organization\"},\"potentialAction\":[{\"@type\":\"SearchAction\",\"target\":{\"@type\":\"EntryPoint\",\"urlTemplate\":\"https:\/\/at3w.com\/pt-pt\/?s={search_term_string}\"},\"query-input\":{\"@type\":\"PropertyValueSpecification\",\"valueRequired\":true,\"valueName\":\"search_term_string\"}}],\"inLanguage\":\"pt-PT\"},{\"@type\":\"Organization\",\"@id\":\"https:\/\/at3w.com\/pt-pt\/#organization\",\"name\":\"Aplicaciones Tecnol\u00f3gicas\",\"url\":\"https:\/\/at3w.com\/pt-pt\/\",\"logo\":{\"@type\":\"ImageObject\",\"inLanguage\":\"pt-PT\",\"@id\":\"https:\/\/at3w.com\/pt-pt\/#\/schema\/logo\/image\/\",\"url\":\"https:\/\/at3w.com\/wp-content\/uploads\/2019\/02\/LOGO-HOME-APLICACIONES-TECNOLOGICAS.svg\",\"contentUrl\":\"https:\/\/at3w.com\/wp-content\/uploads\/2019\/02\/LOGO-HOME-APLICACIONES-TECNOLOGICAS.svg\",\"width\":114,\"height\":104,\"caption\":\"Aplicaciones Tecnol\u00f3gicas\"},\"image\":{\"@id\":\"https:\/\/at3w.com\/pt-pt\/#\/schema\/logo\/image\/\"},\"sameAs\":[\"https:\/\/www.facebook.com\/APLICACIONES.TECNOLOGICAS\/\",\"https:\/\/www.linkedin.com\/company\/aplicaciones-tecnologicas\/\"]},{\"@type\":\"Person\",\"@id\":\"https:\/\/at3w.com\/pt-pt\/#\/schema\/person\/6be7c94c178b1848a14e3573ad187f21\",\"name\":\"I\u00f1aki Fern\u00e1ndez\",\"image\":{\"@type\":\"ImageObject\",\"inLanguage\":\"pt-PT\",\"@id\":\"https:\/\/at3w.com\/pt-pt\/#\/schema\/person\/image\/\",\"url\":\"https:\/\/secure.gravatar.com\/avatar\/d7d93a125afe2c52583a19f93806f9302eca1ef6cfca882769cc289293498b93?s=96&d=mm&r=g\",\"contentUrl\":\"https:\/\/secure.gravatar.com\/avatar\/d7d93a125afe2c52583a19f93806f9302eca1ef6cfca882769cc289293498b93?s=96&d=mm&r=g\",\"caption\":\"I\u00f1aki Fern\u00e1ndez\"}}]}<\/script>\n<!-- \/ Yoast SEO Premium plugin. -->","yoast_head_json":{"title":"O que \u00e9 e como se forma uma tempestade el\u00e9trica - ATSA","description":"Uma tempestade el\u00e9trica manifesta-se pela descarga repentina de eletricidade, percet\u00edvel por um clar\u00e3o intenso, raio, e por o trov\u00e3o.","robots":{"index":"index","follow":"follow","max-snippet":"max-snippet:-1","max-image-preview":"max-image-preview:large","max-video-preview":"max-video-preview:-1"},"canonical":"https:\/\/at3w.com\/pt-pt\/blog\/o-que-e-e-como-se-forma-uma-tempestade-eletrica\/","og_locale":"pt_PT","og_type":"article","og_title":"O que \u00e9 e como se forma uma tempestade el\u00e9trica - ATSA","og_description":"Uma tempestade el\u00e9trica manifesta-se pela descarga repentina de eletricidade, percet\u00edvel por um clar\u00e3o intenso, raio, e por o trov\u00e3o.","og_url":"https:\/\/at3w.com\/pt-pt\/blog\/o-que-e-e-como-se-forma-uma-tempestade-eletrica\/","og_site_name":"Aplicaciones Tecnol\u00f3gicas","article_publisher":"https:\/\/www.facebook.com\/APLICACIONES.TECNOLOGICAS\/","article_published_time":"2020-04-01T22:00:00+00:00","og_image":[{"width":833,"height":512,"url":"https:\/\/at3w.com\/wp-content\/uploads\/o_que_\u00e9_e_como_se_forma_uma_tempestade_el\u00e9trica.jpg","type":"image\/jpeg"}],"author":"I\u00f1aki Fern\u00e1ndez","twitter_card":"summary_large_image","twitter_misc":{"Escrito por":"I\u00f1aki Fern\u00e1ndez","Tempo estimado de leitura":"5 minutos"},"schema":{"@context":"https:\/\/schema.org","@graph":[{"@type":"Article","@id":"https:\/\/at3w.com\/pt-pt\/blog\/o-que-e-e-como-se-forma-uma-tempestade-eletrica\/#article","isPartOf":{"@id":"https:\/\/at3w.com\/pt-pt\/blog\/o-que-e-e-como-se-forma-uma-tempestade-eletrica\/"},"author":{"name":"I\u00f1aki Fern\u00e1ndez","@id":"https:\/\/at3w.com\/pt-pt\/#\/schema\/person\/6be7c94c178b1848a14e3573ad187f21"},"headline":"O que \u00e9 e como se forma uma tempestade el\u00e9trica","datePublished":"2020-04-01T22:00:00+00:00","mainEntityOfPage":{"@id":"https:\/\/at3w.com\/pt-pt\/blog\/o-que-e-e-como-se-forma-uma-tempestade-eletrica\/"},"wordCount":1108,"publisher":{"@id":"https:\/\/at3w.com\/pt-pt\/#organization"},"image":{"@id":"https:\/\/at3w.com\/pt-pt\/blog\/o-que-e-e-como-se-forma-uma-tempestade-eletrica\/#primaryimage"},"thumbnailUrl":"https:\/\/at3w.com\/wp-content\/uploads\/o_que_\u00e9_e_como_se_forma_uma_tempestade_el\u00e9trica.jpg","keywords":["Aplicaciones Tecnol\u00f3gicas","dete\u00e7\u00e3o antecipada de trovoadas","dete\u00e7\u00e3o de trovoadas","protec\u00e7\u00e3o contra o raio","tempestade el\u00e9trica"],"articleSection":["Para-raios Smart com dispositivo de ioniza\u00e7\u00e3o","SMART LIGHTNING"],"inLanguage":"pt-PT"},{"@type":"WebPage","@id":"https:\/\/at3w.com\/pt-pt\/blog\/o-que-e-e-como-se-forma-uma-tempestade-eletrica\/","url":"https:\/\/at3w.com\/pt-pt\/blog\/o-que-e-e-como-se-forma-uma-tempestade-eletrica\/","name":"O que \u00e9 e como se forma uma tempestade el\u00e9trica - ATSA","isPartOf":{"@id":"https:\/\/at3w.com\/pt-pt\/#website"},"primaryImageOfPage":{"@id":"https:\/\/at3w.com\/pt-pt\/blog\/o-que-e-e-como-se-forma-uma-tempestade-eletrica\/#primaryimage"},"image":{"@id":"https:\/\/at3w.com\/pt-pt\/blog\/o-que-e-e-como-se-forma-uma-tempestade-eletrica\/#primaryimage"},"thumbnailUrl":"https:\/\/at3w.com\/wp-content\/uploads\/o_que_\u00e9_e_como_se_forma_uma_tempestade_el\u00e9trica.jpg","datePublished":"2020-04-01T22:00:00+00:00","description":"Uma tempestade el\u00e9trica manifesta-se pela descarga repentina de eletricidade, percet\u00edvel por um clar\u00e3o intenso, raio, e por o trov\u00e3o.","inLanguage":"pt-PT","potentialAction":[{"@type":"ReadAction","target":["https:\/\/at3w.com\/pt-pt\/blog\/o-que-e-e-como-se-forma-uma-tempestade-eletrica\/"]}]},{"@type":"ImageObject","inLanguage":"pt-PT","@id":"https:\/\/at3w.com\/pt-pt\/blog\/o-que-e-e-como-se-forma-uma-tempestade-eletrica\/#primaryimage","url":"https:\/\/at3w.com\/wp-content\/uploads\/o_que_\u00e9_e_como_se_forma_uma_tempestade_el\u00e9trica.jpg","contentUrl":"https:\/\/at3w.com\/wp-content\/uploads\/o_que_\u00e9_e_como_se_forma_uma_tempestade_el\u00e9trica.jpg","width":833,"height":512},{"@type":"WebSite","@id":"https:\/\/at3w.com\/pt-pt\/#website","url":"https:\/\/at3w.com\/pt-pt\/","name":"Aplicaciones Tecnol\u00f3gicas","description":"Smart Earthing tomas de tierra o puesta a tierra, Smart Lightning protecci\u00f3n integral contra el rayo, pararrayos, radar de rayos o detecci\u00f3n de tormentas","publisher":{"@id":"https:\/\/at3w.com\/pt-pt\/#organization"},"potentialAction":[{"@type":"SearchAction","target":{"@type":"EntryPoint","urlTemplate":"https:\/\/at3w.com\/pt-pt\/?s={search_term_string}"},"query-input":{"@type":"PropertyValueSpecification","valueRequired":true,"valueName":"search_term_string"}}],"inLanguage":"pt-PT"},{"@type":"Organization","@id":"https:\/\/at3w.com\/pt-pt\/#organization","name":"Aplicaciones Tecnol\u00f3gicas","url":"https:\/\/at3w.com\/pt-pt\/","logo":{"@type":"ImageObject","inLanguage":"pt-PT","@id":"https:\/\/at3w.com\/pt-pt\/#\/schema\/logo\/image\/","url":"https:\/\/at3w.com\/wp-content\/uploads\/2019\/02\/LOGO-HOME-APLICACIONES-TECNOLOGICAS.svg","contentUrl":"https:\/\/at3w.com\/wp-content\/uploads\/2019\/02\/LOGO-HOME-APLICACIONES-TECNOLOGICAS.svg","width":114,"height":104,"caption":"Aplicaciones Tecnol\u00f3gicas"},"image":{"@id":"https:\/\/at3w.com\/pt-pt\/#\/schema\/logo\/image\/"},"sameAs":["https:\/\/www.facebook.com\/APLICACIONES.TECNOLOGICAS\/","https:\/\/www.linkedin.com\/company\/aplicaciones-tecnologicas\/"]},{"@type":"Person","@id":"https:\/\/at3w.com\/pt-pt\/#\/schema\/person\/6be7c94c178b1848a14e3573ad187f21","name":"I\u00f1aki Fern\u00e1ndez","image":{"@type":"ImageObject","inLanguage":"pt-PT","@id":"https:\/\/at3w.com\/pt-pt\/#\/schema\/person\/image\/","url":"https:\/\/secure.gravatar.com\/avatar\/d7d93a125afe2c52583a19f93806f9302eca1ef6cfca882769cc289293498b93?s=96&d=mm&r=g","contentUrl":"https:\/\/secure.gravatar.com\/avatar\/d7d93a125afe2c52583a19f93806f9302eca1ef6cfca882769cc289293498b93?s=96&d=mm&r=g","caption":"I\u00f1aki Fern\u00e1ndez"}}]}},"_links":{"self":[{"href":"https:\/\/at3w.com\/pt-pt\/wp-json\/wp\/v2\/posts\/50422","targetHints":{"allow":["GET"]}}],"collection":[{"href":"https:\/\/at3w.com\/pt-pt\/wp-json\/wp\/v2\/posts"}],"about":[{"href":"https:\/\/at3w.com\/pt-pt\/wp-json\/wp\/v2\/types\/post"}],"author":[{"embeddable":true,"href":"https:\/\/at3w.com\/pt-pt\/wp-json\/wp\/v2\/users\/11"}],"replies":[{"embeddable":true,"href":"https:\/\/at3w.com\/pt-pt\/wp-json\/wp\/v2\/comments?post=50422"}],"version-history":[{"count":0,"href":"https:\/\/at3w.com\/pt-pt\/wp-json\/wp\/v2\/posts\/50422\/revisions"}],"wp:featuredmedia":[{"embeddable":true,"href":"https:\/\/at3w.com\/pt-pt\/wp-json\/wp\/v2\/media\/50423"}],"wp:attachment":[{"href":"https:\/\/at3w.com\/pt-pt\/wp-json\/wp\/v2\/media?parent=50422"}],"wp:term":[{"taxonomy":"category","embeddable":true,"href":"https:\/\/at3w.com\/pt-pt\/wp-json\/wp\/v2\/categories?post=50422"},{"taxonomy":"post_tag","embeddable":true,"href":"https:\/\/at3w.com\/pt-pt\/wp-json\/wp\/v2\/tags?post=50422"}],"curies":[{"name":"wp","href":"https:\/\/api.w.org\/{rel}","templated":true}]}}