{"id":50484,"date":"2020-07-28T10:58:53","date_gmt":"2020-07-28T08:58:53","guid":{"rendered":"https:\/\/at3w.com\/blog\/programacao-webinars-setembro-2020\/"},"modified":"2020-07-28T10:58:53","modified_gmt":"2020-07-28T08:58:53","slug":"programacao-webinars-setembro-2020","status":"publish","type":"post","link":"https:\/\/at3w.com\/pt-pt\/blog\/programacao-webinars-setembro-2020\/","title":{"rendered":"Programa\u00e7\u00e3o de webinars gratuitos para setembro de 2020"},"content":{"rendered":"<div id=\"ez-toc-container\" class=\"ez-toc-v2_0_82_2 counter-flat ez-toc-counter ez-toc-custom ez-toc-container-direction\">\n<div class=\"ez-toc-title-container\">\n<span class=\"ez-toc-title-toggle\"><\/span><\/div>\n<nav><ul class='ez-toc-list ez-toc-list-level-1 ' ><li class='ez-toc-page-1'><a class=\"ez-toc-link ez-toc-heading-1\" href=\"https:\/\/at3w.com\/pt-pt\/blog\/programacao-webinars-setembro-2020\/#Webinars_ATSTORM%C2%AE_o_sistema_especialista_de_detecao_de_trovoadas_eletricas\" >Webinars ATSTORM\u00ae: o sistema especialista de dete\u00e7\u00e3o de trovoadas el\u00e9tricas.<\/a><\/li><li class='ez-toc-page-1'><a class=\"ez-toc-link ez-toc-heading-2\" href=\"https:\/\/at3w.com\/pt-pt\/blog\/programacao-webinars-setembro-2020\/#Webinar_de_Para-raios_com_dispositivo_de_ionizacao_PDI_DAT_CONTROLER%C2%AE_REMOTE\" >Webinar de Para-raios com dispositivo de ioniza\u00e7\u00e3o (PDI) DAT CONTROLER\u00ae REMOTE<\/a><\/li><li class='ez-toc-page-1'><a class=\"ez-toc-link ez-toc-heading-3\" href=\"https:\/\/at3w.com\/pt-pt\/blog\/programacao-webinars-setembro-2020\/#Webinars_de_Apliweld%C2%AE_Secure_a_soldadura_exotermica_mais_eficiente_e_segura_do_mercado\" >Webinars de Apliweld\u00ae Secure+: a soldadura exot\u00e9rmica mais eficiente e segura do mercado<\/a><\/li><li class='ez-toc-page-1'><a class=\"ez-toc-link ez-toc-heading-4\" href=\"https:\/\/at3w.com\/pt-pt\/blog\/programacao-webinars-setembro-2020\/#Webinars_de_Protecao_interna_contra_sobretensoes\" >Webinars de Prote\u00e7\u00e3o interna contra sobretens\u00f5es<\/a><\/li><\/ul><\/nav><\/div>\n<p>Aplicaciones Tecnol\u00f3gicas avan\u00e7a com a programa\u00e7\u00e3o dos seus <a href=\"https:\/\/at3w.com\/pt-pt\/formacao-webinars\/\" target=\"_blank\" rel=\"noopener noreferrer\"><strong>pr\u00f3ximos cursos online<\/strong><\/a> dirigidos a profissionais para o pr\u00f3ximo m\u00eas de <strong>setembro de 2020<\/strong>. O registo \u00e9 <strong>gratuito<\/strong> e os <strong>lugares limitados<\/strong>. N\u00e3o perca a oportunidade de conhecer as \u00faltimas novidades sobre dete\u00e7\u00e3o antecipada de trovoadas, soldadura exot\u00e9rmica, prote\u00e7\u00e3o externa contra o raio com para-raios ionizante, prote\u00e7\u00e3o contra sobretens\u00f5es e redes de terra.<\/p>\n<p>De seguida pode consultar o calend\u00e1rio de webinares online gratuitos para setembro, classificado pelos temas a tratar.<\/p>\n<p>&nbsp;<\/p>\n<h2><span class=\"ez-toc-section\" id=\"Webinars_ATSTORM%C2%AE_o_sistema_especialista_de_detecao_de_trovoadas_eletricas\"><\/span><strong>Webinars ATSTORM\u00ae: o sistema especialista de dete\u00e7\u00e3o de trovoadas el\u00e9tricas.<\/strong><span class=\"ez-toc-section-end\"><\/span><\/h2>\n<p>O<strong> sistema de dete\u00e7\u00e3o antecipada de trovoadas ATSTORM\u00ae:<\/strong> permite-lhe conhecer tanto as trovoadas el\u00e9tricas que se aproximam da zona a proteger como aqueles que se est\u00e3o a formar sobre esta. Conhe\u00e7a como este completo sistema de informa\u00e7\u00e3o antecipada lhe permite iniciar a\u00e7\u00f5es preventivas que minimizem as consequ\u00eancias indesejadas dos impactos de raios.<\/p>\n<p>Este webinar \u00e9 dirigido aos respons\u00e1veis de seguran\u00e7a e sa\u00fade laboral, t\u00e9cnicos de preven\u00e7\u00e3o, diretores de opera\u00e7\u00f5es ou inova\u00e7\u00e3o e respons\u00e1veis de manuten\u00e7\u00e3o, entre outros.<\/p>\n<h3><strong>Espanhol<\/strong><\/h3>\n<p><strong>Quarta-feira 16 de setembro de 2020<\/strong><\/p>\n<ul>\n<li>Webinar: ATSTORM\u00ae<\/li>\n<li>Pa\u00edses: toda a am\u00e9rica latina<\/li>\n<li>Hora local: Comprove a sua zona hor\u00e1ria na p\u00e1gina de registo.<\/li>\n<li>Idioma: espanhol<\/li>\n<li><a href=\"https:\/\/us02web.zoom.us\/webinar\/register\/4915943801635\/WN_z9-2eUV8Tbq1MzvyqE45ig\" target=\"_blank\" rel=\"noopener noreferrer\">Registo aqui<\/a><\/li>\n<\/ul>\n<h3><strong>Ingl\u00eas<\/strong><\/h3>\n<p><strong>Quinta-feira 17 de setembro 2020<\/strong><\/p>\n<ul>\n<li>Webinar: ATSTORM\u00ae<\/li>\n<li>Pa\u00edses: Kuwait, Catar, S\u00edria, L\u00e9men, Iraque, Ar\u00e1bia saudita, Om\u00e3, Emirados \u00c1rabes Unidos.<\/li>\n<li>Hora local: Comprove a sua zona hor\u00e1ria na p\u00e1gina de registo.<\/li>\n<li>Idioma: ingl\u00eas<\/li>\n<li><a href=\"https:\/\/us02web.zoom.us\/webinar\/register\/5015946362849\/WN_5Vz2VTn1RN6cwUnp2l26TA\" target=\"_blank\" rel=\"noopener noreferrer\">Registo aqui<\/a><\/li>\n<\/ul>\n<p><strong>Quinta-feira 1 de outubro 2020<\/strong><\/p>\n<ul>\n<li>Webinar: ATSTORM\u00ae<\/li>\n<li>Pa\u00eds: India<\/li>\n<li>Hora local: 15:30 PM<\/li>\n<li>Idioma: ingl\u00eas<\/li>\n<li><a href=\"https:\/\/us02web.zoom.us\/webinar\/register\/4315946378389\/WN_ycJjNbpKR6OylE2Scdw2fA\" target=\"_blank\" rel=\"noopener noreferrer\">Registo aqui<\/a><\/li>\n<\/ul>\n<h3><strong>Franc\u00eas<\/strong><\/h3>\n<p><strong>Ter\u00e7a-feira 15 de setembro de 2020<\/strong><\/p>\n<ul>\n<li>Webinar: ATSTORM\u00ae<\/li>\n<li>Pa\u00edses: Fran\u00e7a, Burquina Faso, Costa do Marfim, Maurit\u00e2nia, Marrocos, Togo, Arg\u00e9lia, Benim, Camar\u00f5es, Rep\u00fablica Centro-Africana, Chade, Congo, Rep\u00fablica Democr\u00e1tica do Congo, Rep\u00fablica do N\u00edger, Tun\u00edsia, Ruanda, Burundi, B\u00e9lgica, Comores, Madag\u00e1scar, Maur\u00edcio e Seychelles.<\/li>\n<li>Hora local: Comprove a sua zona hor\u00e1ria na p\u00e1gina de registo.<\/li>\n<li>Idioma: franc\u00eas<\/li>\n<li><a href=\"https:\/\/us02web.zoom.us\/webinar\/register\/1815941989071\/WN_V86k1kzWRn6eNPNT_9aFcg\" target=\"_blank\" rel=\"noopener noreferrer\"><u>Registo aqui<\/u><\/a><\/li>\n<\/ul>\n<h3 class=\"MsoNoSpacing\">Portugu\u00eas<\/h3>\n<p class=\"MsoNoSpacing\"><strong>Ter\u00e7a-feira, 25 de Agosto de 2020<\/strong><\/p>\n<ul>\n<li class=\"MsoNoSpacing\">Webinar: ATSTORM\u00ae Ind\u00fastria<\/li>\n<li class=\"MsoNoSpacing\">Pa\u00edses: Brasil<\/li>\n<li class=\"MsoNoSpacing\">Hora local: 05:00 PM en S\u00e3o Paulo<\/li>\n<li class=\"MsoNoSpacing\">Idioma: portugu\u00eas<\/li>\n<li class=\"MsoNoSpacing\"><a href=\"https:\/\/us02web.zoom.us\/webinar\/register\/WN__TAg90AwQZ6CeqOpJfQHOg\" target=\"_blank\" rel=\"noopener noreferrer\">Registo aqu\u00ed<\/a><\/li>\n<\/ul>\n<p class=\"MsoNoSpacing\">\u00a0<strong>Jueves 27 de agosto de 2020<\/strong><\/p>\n<ul>\n<li class=\"MsoNoSpacing\">Webinar: ATSTORM\u00ae Log\u00edstica<\/li>\n<li class=\"MsoNoSpacing\">Pa\u00edses: Brasil<\/li>\n<li class=\"MsoNoSpacing\">Hora local: 08:00 AM en S\u00e3o Paulo<\/li>\n<li class=\"MsoNoSpacing\">Idioma: portugu\u00eas<\/li>\n<li class=\"MsoNoSpacing\"><a href=\"https:\/\/us02web.zoom.us\/webinar\/register\/WN_A7jMMtsVTDW_5Nzgf3b6ZQ\" target=\"_blank\" rel=\"noopener noreferrer\">Registo aqu\u00ed<\/a><\/li>\n<\/ul>\n<p class=\"MsoNoSpacing\">\u00a0<strong>Quarta-feira, 2 de Setembro, 2020<\/strong><\/p>\n<ul>\n<li class=\"MsoNoSpacing\">Webinar: ATSTORM\u00ae Energia<\/li>\n<li class=\"MsoNoSpacing\">Pa\u00edses: Brasil<\/li>\n<li class=\"MsoNoSpacing\">Hora local: 12:00 PM em S\u00e3o Paulo<\/li>\n<li class=\"MsoNoSpacing\">Idioma: portugu\u00eas<\/li>\n<li class=\"MsoNoSpacing\"><a href=\"https:\/\/us02web.zoom.us\/webinar\/register\/WN_R-TUgJcuSiKTMk-OrDANvw\" target=\"_blank\" rel=\"noopener noreferrer\">Registo aqu\u00ed<\/a><\/li>\n<\/ul>\n<p>&nbsp;<\/p>\n<h2><span class=\"ez-toc-section\" id=\"Webinar_de_Para-raios_com_dispositivo_de_ionizacao_PDI_DAT_CONTROLER%C2%AE_REMOTE\"><\/span><strong>Webinar de Para-raios com dispositivo de ioniza\u00e7\u00e3o (PDI) DAT CONTROLER\u00ae REMOTE<\/strong><span class=\"ez-toc-section-end\"><\/span><\/h2>\n<p>Nenhum dispositivo pode impedir o impacto de um raio, mas pode minimizar, ou at\u00e9 evitar, os danos que pode causar em edif\u00edcios, equipamentos e pessoas. Aprenda como proteger uma instala\u00e7\u00e3o dos efeitos do raio e conhe\u00e7a a fundo todos os elementos que comp\u00f5em um <strong>sistema de prote\u00e7\u00e3o contra o raio.<\/strong><\/p>\n<p>Webinar dirigido a instaladores e armazenistas el\u00e9tricos, pessoal t\u00e9cnico, estudantes e titulares em ramos t\u00e9cnicos e profissionais relacionados com este setor.<\/p>\n<h3><strong>Franc\u00eas<\/strong><\/h3>\n<p><strong>Ter\u00e7a-feira 29 de setembro de 2020<\/strong><\/p>\n<ul>\n<li>Webinar: Para-raios com dispositivo de ioniza\u00e7\u00e3o (PDI)<\/li>\n<li>Pa\u00edses: Fran\u00e7a, Burquina Faso, Costa do Marfim, Maurit\u00e2nia, Marrocos, Togo, Arg\u00e9lia, Benim, Camar\u00f5es, Rep\u00fablica Centro-Africana, Chade, Congo, Rep\u00fablica Democr\u00e1tica do Congo, Rep\u00fablica do N\u00edger, Tun\u00edsia, Ruanda, Burundi, B\u00e9lgica, Comores, Madag\u00e1scar, Maur\u00edcio e Seychelles.<\/li>\n<li>Hora local: Comprove a sua zona hor\u00e1ria na p\u00e1gina de registo.<\/li>\n<li>Idioma: franc\u00e9s<\/li>\n<li><a href=\"https:\/\/us02web.zoom.us\/webinar\/register\/2515942017474\/WN_97-yAjGWRTaY7xFoLpVw7w\" target=\"_blank\" rel=\"noopener noreferrer\"><u>Registo aqui<\/u><\/a><\/li>\n<\/ul>\n<p>&nbsp;<\/p>\n<h2><span class=\"ez-toc-section\" id=\"Webinars_de_Apliweld%C2%AE_Secure_a_soldadura_exotermica_mais_eficiente_e_segura_do_mercado\"><\/span><strong>Webinars de Apliweld\u00ae Secure+: a soldadura exot\u00e9rmica mais eficiente e segura do mercado<\/strong><span class=\"ez-toc-section-end\"><\/span><\/h2>\n<p>Descubra como evitar acidentes laborais realizando as soldaduras exot\u00e9rmicas pela m\u00e3o dos nossos especialistas. \u00a0A soldadura exot\u00e9rmica \u00e9 utilizada nos sistemas de rede de terras para garantir a seguran\u00e7a e durabilidade das uni\u00f5es entre condutores. As vantagens de <strong>Apliweld\u00ae Secure+<\/strong> s\u00e3o a substitui\u00e7\u00e3o da tradicional carga em p\u00f3 pela carga em pastilhas e a igni\u00e7\u00e3o eletr\u00f3nica \u00e0 dist\u00e2ncia. Estas inova\u00e7\u00f5es permitem reduzir custos operacionais e aumentar a seguran\u00e7a laboral.<\/p>\n<p>Esta forma\u00e7\u00e3o \u00e9 indicada para todos os profissionais envolvidos tanto no desenho como na instala\u00e7\u00e3o de redes de terra com soldadura exot\u00e9rmica.<\/p>\n<h3><strong>Espanhol<\/strong><\/h3>\n<p><strong>Quarta-feira 23 de setembro de 2020<\/strong><\/p>\n<ul>\n<li>Webinar: Apliweld\u00ae Secure+<\/li>\n<li>Pa\u00edses: toda a Am\u00e9rica latina<\/li>\n<li>Hora local: Comprove a sua zona hor\u00e1ria na p\u00e1gina de registo.<\/li>\n<li>Idioma: espanhol<\/li>\n<li><a href=\"https:\/\/us02web.zoom.us\/webinar\/register\/1815943821125\/WN_6hud8aLHSg6Nn6L0JpagTA\" target=\"_blank\" rel=\"noopener noreferrer\">Registo aqui<\/a><\/li>\n<\/ul>\n<p>&nbsp;<\/p>\n<h2><span class=\"ez-toc-section\" id=\"Webinars_de_Protecao_interna_contra_sobretensoes\"><\/span><strong>Webinars de Prote\u00e7\u00e3o interna contra sobretens\u00f5es<\/strong><span class=\"ez-toc-section-end\"><\/span><\/h2>\n<p>As sobretens\u00f5es s\u00e3o um aumento da voltagem na rede el\u00e9trica que pode produzir danos na instala\u00e7\u00e3o e nos equipamentos de empresas ou domic\u00edlios. Aplicaciones Tecnol\u00f3gicas, S.A., disp\u00f5e de uma <strong>ampla gama de protetores contra sobretens\u00f5es<\/strong> que salvaguardam eficazmente os equipamentos el\u00e9tricos e eletr\u00f3nicos mais comuns.<\/p>\n<p>Esta forma\u00e7\u00e3o online \u00e9 dirigida tanto a engenheiros el\u00e9tricos como a instaladores que queiram conhecer a fundo como proteger as suas instala\u00e7\u00f5es el\u00e9tricas dos efeitos das sobretens\u00f5es.<\/p>\n<h3><strong>Espanhol<\/strong><\/h3>\n<p><strong>Quinta-feira 24 de setembro de 2020<\/strong><\/p>\n<ul>\n<li>Webinar: Prote\u00e7\u00e3o interna contra sobretens\u00f5es<\/li>\n<li>Pa\u00eds: Espanha<\/li>\n<li>Hora local: 11:00 AM<\/li>\n<li>Idioma: espanhol<\/li>\n<li><a href=\"https:\/\/us02web.zoom.us\/webinar\/register\/2415942029708\/WN_lwkXeRXbRLKXb_O7vu-O2A\" target=\"_blank\" rel=\"noopener noreferrer\">Registo aqui<\/a><\/li>\n<\/ul>\n","protected":false},"excerpt":{"rendered":"<p>Aplicaciones Tecnol\u00f3gicas avan\u00e7a com a programa\u00e7\u00e3o dos seus pr\u00f3ximos cursos online dirigidos a profissionais para o pr\u00f3ximo m\u00eas de setembro de 2020. O registo \u00e9 gratuito e os lugares limitados. N\u00e3o perca a oportunidade de conhecer as \u00faltimas novidades sobre dete\u00e7\u00e3o antecipada de trovoadas, soldadura exot\u00e9rmica, prote\u00e7\u00e3o externa contra o raio com para-raios ionizante, prote\u00e7\u00e3o contra sobretens\u00f5es e redes de terra. <\/p>\n","protected":false},"author":11,"featured_media":50485,"comment_status":"closed","ping_status":"closed","sticky":false,"template":"","format":"standard","meta":{"inline_featured_image":false,"footnotes":""},"categories":[5562,5551],"tags":[5633,5656,5660],"class_list":["post-50484","post","type-post","status-publish","format-standard","has-post-thumbnail","hentry","category-cursos-e-eventos","category-smart-lightning-pt","tag-aplicaciones-tecnologicas-pt-pt","tag-formacao","tag-webinars-pt-pt"],"yoast_head":"<!-- This site is optimized with the Yoast SEO Premium plugin v27.0 (Yoast SEO v27.0) - https:\/\/yoast.com\/product\/yoast-seo-premium-wordpress\/ -->\n<title>Programa\u00e7\u00e3o webinars setembro 2020 - Aplicaciones Tecnol\u00f3gicas<\/title>\n<meta name=\"description\" content=\"Aplicaciones Tecnol\u00f3gicas avan\u00e7a com a programa\u00e7\u00e3o dos seus pr\u00f3ximos cursos online dirigidos a profissionais para o pr\u00f3ximo m\u00eas de setembro de 2020.\" \/>\n<meta name=\"robots\" content=\"index, follow, max-snippet:-1, max-image-preview:large, max-video-preview:-1\" \/>\n<link rel=\"canonical\" href=\"https:\/\/at3w.com\/pt-pt\/blog\/programacao-webinars-setembro-2020\/\" \/>\n<meta property=\"og:locale\" content=\"pt_PT\" \/>\n<meta property=\"og:type\" content=\"article\" \/>\n<meta property=\"og:title\" content=\"Programa\u00e7\u00e3o webinars setembro 2020 - Aplicaciones Tecnol\u00f3gicas\" \/>\n<meta property=\"og:description\" content=\"Aplicaciones Tecnol\u00f3gicas avan\u00e7a com a programa\u00e7\u00e3o dos seus pr\u00f3ximos cursos online dirigidos a profissionais para o pr\u00f3ximo m\u00eas de setembro de 2020.\" \/>\n<meta property=\"og:url\" content=\"https:\/\/at3w.com\/pt-pt\/blog\/programacao-webinars-setembro-2020\/\" \/>\n<meta property=\"og:site_name\" content=\"Aplicaciones Tecnol\u00f3gicas\" \/>\n<meta property=\"article:publisher\" content=\"https:\/\/www.facebook.com\/APLICACIONES.TECNOLOGICAS\/\" \/>\n<meta property=\"article:published_time\" content=\"2020-07-28T08:58:53+00:00\" \/>\n<meta property=\"og:image\" content=\"https:\/\/at3w.com\/wp-content\/uploads\/WEBINAR_GENERAL_PORTADA_09_20_PT.jpg\" \/>\n\t<meta property=\"og:image:width\" content=\"750\" \/>\n\t<meta property=\"og:image:height\" content=\"461\" \/>\n\t<meta property=\"og:image:type\" content=\"image\/jpeg\" \/>\n<meta name=\"author\" content=\"I\u00f1aki Fern\u00e1ndez\" \/>\n<meta name=\"twitter:card\" content=\"summary_large_image\" \/>\n<meta name=\"twitter:label1\" content=\"Escrito por\" \/>\n\t<meta name=\"twitter:data1\" content=\"I\u00f1aki Fern\u00e1ndez\" \/>\n\t<meta name=\"twitter:label2\" content=\"Tempo estimado de leitura\" \/>\n\t<meta name=\"twitter:data2\" content=\"4 minutos\" \/>\n<script type=\"application\/ld+json\" class=\"yoast-schema-graph\">{\"@context\":\"https:\/\/schema.org\",\"@graph\":[{\"@type\":\"Article\",\"@id\":\"https:\/\/at3w.com\/pt-pt\/blog\/programacao-webinars-setembro-2020\/#article\",\"isPartOf\":{\"@id\":\"https:\/\/at3w.com\/pt-pt\/blog\/programacao-webinars-setembro-2020\/\"},\"author\":{\"name\":\"I\u00f1aki Fern\u00e1ndez\",\"@id\":\"https:\/\/at3w.com\/pt-pt\/#\/schema\/person\/6be7c94c178b1848a14e3573ad187f21\"},\"headline\":\"Programa\u00e7\u00e3o de webinars gratuitos para setembro de 2020\",\"datePublished\":\"2020-07-28T08:58:53+00:00\",\"mainEntityOfPage\":{\"@id\":\"https:\/\/at3w.com\/pt-pt\/blog\/programacao-webinars-setembro-2020\/\"},\"wordCount\":874,\"publisher\":{\"@id\":\"https:\/\/at3w.com\/pt-pt\/#organization\"},\"image\":{\"@id\":\"https:\/\/at3w.com\/pt-pt\/blog\/programacao-webinars-setembro-2020\/#primaryimage\"},\"thumbnailUrl\":\"https:\/\/at3w.com\/wp-content\/uploads\/WEBINAR_GENERAL_PORTADA_09_20_PT.jpg\",\"keywords\":[\"Aplicaciones Tecnol\u00f3gicas\",\"Forma\u00e7\u00e3o\",\"webinars\"],\"articleSection\":[\"Cursos e eventos\",\"SMART LIGHTNING\"],\"inLanguage\":\"pt-PT\"},{\"@type\":\"WebPage\",\"@id\":\"https:\/\/at3w.com\/pt-pt\/blog\/programacao-webinars-setembro-2020\/\",\"url\":\"https:\/\/at3w.com\/pt-pt\/blog\/programacao-webinars-setembro-2020\/\",\"name\":\"Programa\u00e7\u00e3o webinars setembro 2020 - Aplicaciones Tecnol\u00f3gicas\",\"isPartOf\":{\"@id\":\"https:\/\/at3w.com\/pt-pt\/#website\"},\"primaryImageOfPage\":{\"@id\":\"https:\/\/at3w.com\/pt-pt\/blog\/programacao-webinars-setembro-2020\/#primaryimage\"},\"image\":{\"@id\":\"https:\/\/at3w.com\/pt-pt\/blog\/programacao-webinars-setembro-2020\/#primaryimage\"},\"thumbnailUrl\":\"https:\/\/at3w.com\/wp-content\/uploads\/WEBINAR_GENERAL_PORTADA_09_20_PT.jpg\",\"datePublished\":\"2020-07-28T08:58:53+00:00\",\"description\":\"Aplicaciones Tecnol\u00f3gicas avan\u00e7a com a programa\u00e7\u00e3o dos seus pr\u00f3ximos cursos online dirigidos a profissionais para o pr\u00f3ximo m\u00eas de setembro de 2020.\",\"inLanguage\":\"pt-PT\",\"potentialAction\":[{\"@type\":\"ReadAction\",\"target\":[\"https:\/\/at3w.com\/pt-pt\/blog\/programacao-webinars-setembro-2020\/\"]}]},{\"@type\":\"ImageObject\",\"inLanguage\":\"pt-PT\",\"@id\":\"https:\/\/at3w.com\/pt-pt\/blog\/programacao-webinars-setembro-2020\/#primaryimage\",\"url\":\"https:\/\/at3w.com\/wp-content\/uploads\/WEBINAR_GENERAL_PORTADA_09_20_PT.jpg\",\"contentUrl\":\"https:\/\/at3w.com\/wp-content\/uploads\/WEBINAR_GENERAL_PORTADA_09_20_PT.jpg\",\"width\":750,\"height\":461},{\"@type\":\"WebSite\",\"@id\":\"https:\/\/at3w.com\/pt-pt\/#website\",\"url\":\"https:\/\/at3w.com\/pt-pt\/\",\"name\":\"Aplicaciones Tecnol\u00f3gicas\",\"description\":\"Smart Earthing tomas de tierra o puesta a tierra, Smart Lightning protecci\u00f3n integral contra el rayo, pararrayos, radar de rayos o detecci\u00f3n de tormentas\",\"publisher\":{\"@id\":\"https:\/\/at3w.com\/pt-pt\/#organization\"},\"potentialAction\":[{\"@type\":\"SearchAction\",\"target\":{\"@type\":\"EntryPoint\",\"urlTemplate\":\"https:\/\/at3w.com\/pt-pt\/?s={search_term_string}\"},\"query-input\":{\"@type\":\"PropertyValueSpecification\",\"valueRequired\":true,\"valueName\":\"search_term_string\"}}],\"inLanguage\":\"pt-PT\"},{\"@type\":\"Organization\",\"@id\":\"https:\/\/at3w.com\/pt-pt\/#organization\",\"name\":\"Aplicaciones Tecnol\u00f3gicas\",\"url\":\"https:\/\/at3w.com\/pt-pt\/\",\"logo\":{\"@type\":\"ImageObject\",\"inLanguage\":\"pt-PT\",\"@id\":\"https:\/\/at3w.com\/pt-pt\/#\/schema\/logo\/image\/\",\"url\":\"https:\/\/at3w.com\/wp-content\/uploads\/2019\/02\/LOGO-HOME-APLICACIONES-TECNOLOGICAS.svg\",\"contentUrl\":\"https:\/\/at3w.com\/wp-content\/uploads\/2019\/02\/LOGO-HOME-APLICACIONES-TECNOLOGICAS.svg\",\"width\":114,\"height\":104,\"caption\":\"Aplicaciones Tecnol\u00f3gicas\"},\"image\":{\"@id\":\"https:\/\/at3w.com\/pt-pt\/#\/schema\/logo\/image\/\"},\"sameAs\":[\"https:\/\/www.facebook.com\/APLICACIONES.TECNOLOGICAS\/\",\"https:\/\/www.linkedin.com\/company\/aplicaciones-tecnologicas\/\"]},{\"@type\":\"Person\",\"@id\":\"https:\/\/at3w.com\/pt-pt\/#\/schema\/person\/6be7c94c178b1848a14e3573ad187f21\",\"name\":\"I\u00f1aki Fern\u00e1ndez\",\"image\":{\"@type\":\"ImageObject\",\"inLanguage\":\"pt-PT\",\"@id\":\"https:\/\/at3w.com\/pt-pt\/#\/schema\/person\/image\/\",\"url\":\"https:\/\/secure.gravatar.com\/avatar\/d7d93a125afe2c52583a19f93806f9302eca1ef6cfca882769cc289293498b93?s=96&d=mm&r=g\",\"contentUrl\":\"https:\/\/secure.gravatar.com\/avatar\/d7d93a125afe2c52583a19f93806f9302eca1ef6cfca882769cc289293498b93?s=96&d=mm&r=g\",\"caption\":\"I\u00f1aki Fern\u00e1ndez\"}}]}<\/script>\n<!-- \/ Yoast SEO Premium plugin. -->","yoast_head_json":{"title":"Programa\u00e7\u00e3o webinars setembro 2020 - Aplicaciones Tecnol\u00f3gicas","description":"Aplicaciones Tecnol\u00f3gicas avan\u00e7a com a programa\u00e7\u00e3o dos seus pr\u00f3ximos cursos online dirigidos a profissionais para o pr\u00f3ximo m\u00eas de setembro de 2020.","robots":{"index":"index","follow":"follow","max-snippet":"max-snippet:-1","max-image-preview":"max-image-preview:large","max-video-preview":"max-video-preview:-1"},"canonical":"https:\/\/at3w.com\/pt-pt\/blog\/programacao-webinars-setembro-2020\/","og_locale":"pt_PT","og_type":"article","og_title":"Programa\u00e7\u00e3o webinars setembro 2020 - Aplicaciones Tecnol\u00f3gicas","og_description":"Aplicaciones Tecnol\u00f3gicas avan\u00e7a com a programa\u00e7\u00e3o dos seus pr\u00f3ximos cursos online dirigidos a profissionais para o pr\u00f3ximo m\u00eas de setembro de 2020.","og_url":"https:\/\/at3w.com\/pt-pt\/blog\/programacao-webinars-setembro-2020\/","og_site_name":"Aplicaciones Tecnol\u00f3gicas","article_publisher":"https:\/\/www.facebook.com\/APLICACIONES.TECNOLOGICAS\/","article_published_time":"2020-07-28T08:58:53+00:00","og_image":[{"width":750,"height":461,"url":"https:\/\/at3w.com\/wp-content\/uploads\/WEBINAR_GENERAL_PORTADA_09_20_PT.jpg","type":"image\/jpeg"}],"author":"I\u00f1aki Fern\u00e1ndez","twitter_card":"summary_large_image","twitter_misc":{"Escrito por":"I\u00f1aki Fern\u00e1ndez","Tempo estimado de leitura":"4 minutos"},"schema":{"@context":"https:\/\/schema.org","@graph":[{"@type":"Article","@id":"https:\/\/at3w.com\/pt-pt\/blog\/programacao-webinars-setembro-2020\/#article","isPartOf":{"@id":"https:\/\/at3w.com\/pt-pt\/blog\/programacao-webinars-setembro-2020\/"},"author":{"name":"I\u00f1aki Fern\u00e1ndez","@id":"https:\/\/at3w.com\/pt-pt\/#\/schema\/person\/6be7c94c178b1848a14e3573ad187f21"},"headline":"Programa\u00e7\u00e3o de webinars gratuitos para setembro de 2020","datePublished":"2020-07-28T08:58:53+00:00","mainEntityOfPage":{"@id":"https:\/\/at3w.com\/pt-pt\/blog\/programacao-webinars-setembro-2020\/"},"wordCount":874,"publisher":{"@id":"https:\/\/at3w.com\/pt-pt\/#organization"},"image":{"@id":"https:\/\/at3w.com\/pt-pt\/blog\/programacao-webinars-setembro-2020\/#primaryimage"},"thumbnailUrl":"https:\/\/at3w.com\/wp-content\/uploads\/WEBINAR_GENERAL_PORTADA_09_20_PT.jpg","keywords":["Aplicaciones Tecnol\u00f3gicas","Forma\u00e7\u00e3o","webinars"],"articleSection":["Cursos e eventos","SMART LIGHTNING"],"inLanguage":"pt-PT"},{"@type":"WebPage","@id":"https:\/\/at3w.com\/pt-pt\/blog\/programacao-webinars-setembro-2020\/","url":"https:\/\/at3w.com\/pt-pt\/blog\/programacao-webinars-setembro-2020\/","name":"Programa\u00e7\u00e3o webinars setembro 2020 - Aplicaciones Tecnol\u00f3gicas","isPartOf":{"@id":"https:\/\/at3w.com\/pt-pt\/#website"},"primaryImageOfPage":{"@id":"https:\/\/at3w.com\/pt-pt\/blog\/programacao-webinars-setembro-2020\/#primaryimage"},"image":{"@id":"https:\/\/at3w.com\/pt-pt\/blog\/programacao-webinars-setembro-2020\/#primaryimage"},"thumbnailUrl":"https:\/\/at3w.com\/wp-content\/uploads\/WEBINAR_GENERAL_PORTADA_09_20_PT.jpg","datePublished":"2020-07-28T08:58:53+00:00","description":"Aplicaciones Tecnol\u00f3gicas avan\u00e7a com a programa\u00e7\u00e3o dos seus pr\u00f3ximos cursos online dirigidos a profissionais para o pr\u00f3ximo m\u00eas de setembro de 2020.","inLanguage":"pt-PT","potentialAction":[{"@type":"ReadAction","target":["https:\/\/at3w.com\/pt-pt\/blog\/programacao-webinars-setembro-2020\/"]}]},{"@type":"ImageObject","inLanguage":"pt-PT","@id":"https:\/\/at3w.com\/pt-pt\/blog\/programacao-webinars-setembro-2020\/#primaryimage","url":"https:\/\/at3w.com\/wp-content\/uploads\/WEBINAR_GENERAL_PORTADA_09_20_PT.jpg","contentUrl":"https:\/\/at3w.com\/wp-content\/uploads\/WEBINAR_GENERAL_PORTADA_09_20_PT.jpg","width":750,"height":461},{"@type":"WebSite","@id":"https:\/\/at3w.com\/pt-pt\/#website","url":"https:\/\/at3w.com\/pt-pt\/","name":"Aplicaciones Tecnol\u00f3gicas","description":"Smart Earthing tomas de tierra o puesta a tierra, Smart Lightning protecci\u00f3n integral contra el rayo, pararrayos, radar de rayos o detecci\u00f3n de tormentas","publisher":{"@id":"https:\/\/at3w.com\/pt-pt\/#organization"},"potentialAction":[{"@type":"SearchAction","target":{"@type":"EntryPoint","urlTemplate":"https:\/\/at3w.com\/pt-pt\/?s={search_term_string}"},"query-input":{"@type":"PropertyValueSpecification","valueRequired":true,"valueName":"search_term_string"}}],"inLanguage":"pt-PT"},{"@type":"Organization","@id":"https:\/\/at3w.com\/pt-pt\/#organization","name":"Aplicaciones Tecnol\u00f3gicas","url":"https:\/\/at3w.com\/pt-pt\/","logo":{"@type":"ImageObject","inLanguage":"pt-PT","@id":"https:\/\/at3w.com\/pt-pt\/#\/schema\/logo\/image\/","url":"https:\/\/at3w.com\/wp-content\/uploads\/2019\/02\/LOGO-HOME-APLICACIONES-TECNOLOGICAS.svg","contentUrl":"https:\/\/at3w.com\/wp-content\/uploads\/2019\/02\/LOGO-HOME-APLICACIONES-TECNOLOGICAS.svg","width":114,"height":104,"caption":"Aplicaciones Tecnol\u00f3gicas"},"image":{"@id":"https:\/\/at3w.com\/pt-pt\/#\/schema\/logo\/image\/"},"sameAs":["https:\/\/www.facebook.com\/APLICACIONES.TECNOLOGICAS\/","https:\/\/www.linkedin.com\/company\/aplicaciones-tecnologicas\/"]},{"@type":"Person","@id":"https:\/\/at3w.com\/pt-pt\/#\/schema\/person\/6be7c94c178b1848a14e3573ad187f21","name":"I\u00f1aki Fern\u00e1ndez","image":{"@type":"ImageObject","inLanguage":"pt-PT","@id":"https:\/\/at3w.com\/pt-pt\/#\/schema\/person\/image\/","url":"https:\/\/secure.gravatar.com\/avatar\/d7d93a125afe2c52583a19f93806f9302eca1ef6cfca882769cc289293498b93?s=96&d=mm&r=g","contentUrl":"https:\/\/secure.gravatar.com\/avatar\/d7d93a125afe2c52583a19f93806f9302eca1ef6cfca882769cc289293498b93?s=96&d=mm&r=g","caption":"I\u00f1aki Fern\u00e1ndez"}}]}},"_links":{"self":[{"href":"https:\/\/at3w.com\/pt-pt\/wp-json\/wp\/v2\/posts\/50484","targetHints":{"allow":["GET"]}}],"collection":[{"href":"https:\/\/at3w.com\/pt-pt\/wp-json\/wp\/v2\/posts"}],"about":[{"href":"https:\/\/at3w.com\/pt-pt\/wp-json\/wp\/v2\/types\/post"}],"author":[{"embeddable":true,"href":"https:\/\/at3w.com\/pt-pt\/wp-json\/wp\/v2\/users\/11"}],"replies":[{"embeddable":true,"href":"https:\/\/at3w.com\/pt-pt\/wp-json\/wp\/v2\/comments?post=50484"}],"version-history":[{"count":0,"href":"https:\/\/at3w.com\/pt-pt\/wp-json\/wp\/v2\/posts\/50484\/revisions"}],"wp:featuredmedia":[{"embeddable":true,"href":"https:\/\/at3w.com\/pt-pt\/wp-json\/wp\/v2\/media\/50485"}],"wp:attachment":[{"href":"https:\/\/at3w.com\/pt-pt\/wp-json\/wp\/v2\/media?parent=50484"}],"wp:term":[{"taxonomy":"category","embeddable":true,"href":"https:\/\/at3w.com\/pt-pt\/wp-json\/wp\/v2\/categories?post=50484"},{"taxonomy":"post_tag","embeddable":true,"href":"https:\/\/at3w.com\/pt-pt\/wp-json\/wp\/v2\/tags?post=50484"}],"curies":[{"name":"wp","href":"https:\/\/api.w.org\/{rel}","templated":true}]}}